{"id":1124,"date":"2012-10-16T20:01:04","date_gmt":"2012-10-16T18:01:04","guid":{"rendered":"http:\/\/www.tafeldeko.de\/news\/?p=1124"},"modified":"2012-10-16T20:01:04","modified_gmt":"2012-10-16T18:01:04","slug":"die-etwas-andere-tischdeko-mediterran-zum-geburtstag","status":"publish","type":"post","link":"https:\/\/www.tafeldeko.de\/news\/die-etwas-andere-tischdeko-mediterran-zum-geburtstag\/","title":{"rendered":"Die etwas andere \u201eTischdeko mediterran\u201c zum Geburtstag"},"content":{"rendered":"<div class=\"textumfliessenrechts\"><img decoding=\"async\" loading=\"lazy\" src=\"https:\/\/www.tafeldeko.de\/news\/media\/users\/schnurchristian\/gebu_gruen_lila.jpg\" alt=\"Tischdeko zum Geburtstag\" title=\"Tischdeko zum Geburtstag\" width=\"304\" height=\"209\"\/><br \/><a href=\"https:\/\/www.tafeldeko.de\/mustertische\/tischdeko-geburtstag\/Tisch-15.html\" title=\"Tischdeko mediterran\"><b>Tischdeko mediterran<\/b><\/a><\/div>\n<p> Leuchtende Tischdekorationen und bestechend sch\u00f6ne Tischdekorationen beleben ein Fest, ganz gleich, zu welchem Anlass man geladen hat.<br \/>\nIst es drau\u00dfen k\u00fchl und grau, kann man mit einer sch\u00f6nen Tischdekoration die R\u00e4umlichkeit mit Heiterkeit und Farbe ausf\u00fcllen. Die perfekte Basis f\u00fcr einen sch\u00f6nen Tag.<br \/>\n<b><a href=\"https:\/\/www.tafeldeko.de\/index.php\/cat\/c50_Tischdeko-Geburtstag.html\" title=\"Geburtstage\">Geburtstage<\/a><\/b>, Jubil\u00e4en und andere Feste k\u00f6nnen gerade in dem Herbst- und Wintermonaten vor Farbe nur so spr\u00fchen, Trends d\u00fcrfen gerne aufgegriffen werden. Und es m\u00fcssen auch nicht die saisonal angepassten Dekorationen sein, die eine Feier ansprechend untermalen, es darf auch gerne mal etwas anderes pr\u00e4sentiert werden.<br \/>\nEine Tischdeko mediterran hat schon etwas Sch\u00f6nes, vor allem in Anbetracht der Tatsache, dass das Essen meistens auch mediterran ausgew\u00e4hlt ist.<br \/>\nEine etwas andere Tischdekoration im mediterranen Stil zeigt sich auf dem Mustertisch. In einem wundersch\u00f6nen Lilaton in Kombination mit Wei\u00df und Gr\u00fcn bringt man nicht nur <b>mediterranes Flair<\/b>, sondern eine gewisse Anmut in die Feierlichkeit ein.<br \/>\nBeeindruckend pr\u00e4sentiert sich die Tischmitte mit dem lilafarbenen Sizoflor Tischband und dem gr\u00fcnen Organza Dekostoff.<br \/>\nRaindrops Deko Tautropfen, Dekosteine in flieder, Rosenbl\u00fctenblattstreu di fiori und Rattankugel Sets setzen bei dieser Tischdekoration <b>wundersch\u00f6ne Akzente<\/b>. Deko\u00e4pfel in gr\u00fcn und Mooskugeln bringen etwas Gr\u00fcn in die Dekoration, bilden mit den lilafarbenen Accessoires einen tollen Kontrast. Denn genau das macht diesen sch\u00f6nen Tisch aus, mediterranes Flair kommt hierbei auf, obwohl es sich nicht um eine klassisch mediterrane Tischdeko handelt. Doch die Farbauswahl l\u00e4sst in Richtung mediterran gehen, das dezente Lila erinnert an wundersch\u00f6ne Lavendelbl\u00fcten, die sich im Winde wiegen und diesem Tisch das gewisse Etwas verleihen.<br \/>\nBei den <b><a href=\"https:\/\/www.tafeldeko.de\/index.php\/cat\/c486_Servietten.html\" title=\"Servietten\">Servietten<\/a><\/b> wird auf ein Arrangement aus gr\u00fcnen Duni-Servietten und wei\u00df-fliederfarbenen Servietten gesetzt. Ein weiterer Kontrast, der diese Tischdeko belebt.<br \/>\nUnd einen floralen Gru\u00df bildet die Vase in der Tischmitte, die mit wei\u00dfen und lilafarbenen Blumen best\u00fcckt wurde.<br \/>\nMit dieser Tischdekoration im mediterranen Stil k\u00f6nnen Sie bei Ihren G\u00e4sten garantiert punkten. <\/p>\n","protected":false},"excerpt":{"rendered":"<p>Leuchtende Tischdekorationen und bestechend sch\u00f6ne Tischdekorationen beleben ein Fest, ganz gleich, zu welchem Anlass man geladen hat.<br \/>\nIst es drau\u00dfen k\u00fchl und grau, kann man mit einer sch\u00f6nen Tischdekoration die R\u00e4umlichkeit mit Heiterkeit und Farbe ausf\u00fcllen. Die perfekte Basis f\u00fcr einen sch\u00f6nen Tag.<br \/>\n, Jubil\u00e4en und andere Feste k\u00f6nnen gerade in dem Herbst- und Wintermonaten vor Farbe nur so spr\u00fchen, Trends d\u00fcrfen gerne aufgegriffen werden. Und es m\u00fcssen auch nicht die saisonal angepassten Dekorationen sein, die eine Feier ansprechend untermalen, es darf auch gerne mal etwas anderes pr\u00e4sentiert werden.<\/p>\n","protected":false},"author":2,"featured_media":1125,"comment_status":"open","ping_status":"open","sticky":false,"template":"","format":"standard","meta":{"footnotes":""},"categories":[1],"tags":[],"yoast_head":"<!-- This site is optimized with the Yoast SEO plugin v20.4 - https:\/\/yoast.com\/wordpress\/plugins\/seo\/ -->\n<title>Die etwas andere \u201eTischdeko mediterran\u201c zum Geburtstag - Tafeldeko<\/title>\n<meta name=\"description\" content=\"In einem wundersch&#xF6;nen Lilaton in Kombination mit Wei&#xDF; und Gr&#xFC;n bringt man nicht nur mediterranes Flair, sondern Anmut auf den Tisch.\" \/>\n<meta name=\"robots\" content=\"index, follow, max-snippet:-1, max-image-preview:large, max-video-preview:-1\" \/>\n<link rel=\"canonical\" href=\"https:\/\/www.tafeldeko.de\/news\/die-etwas-andere-tischdeko-mediterran-zum-geburtstag\/\" \/>\n<meta property=\"og:locale\" content=\"de_DE\" \/>\n<meta property=\"og:type\" content=\"article\" \/>\n<meta property=\"og:title\" content=\"Die etwas andere \u201eTischdeko mediterran\u201c zum Geburtstag - Tafeldeko\" \/>\n<meta property=\"og:description\" content=\"In einem wundersch&#xF6;nen Lilaton in Kombination mit Wei&#xDF; und Gr&#xFC;n bringt man nicht nur mediterranes Flair, sondern Anmut auf den Tisch.\" \/>\n<meta property=\"og:url\" content=\"https:\/\/www.tafeldeko.de\/news\/die-etwas-andere-tischdeko-mediterran-zum-geburtstag\/\" \/>\n<meta property=\"og:site_name\" content=\"Tafeldeko\" \/>\n<meta property=\"article:publisher\" content=\"https:\/\/www.facebook.com\/pages\/Tafeldeko-einzigartige-Tischdekoration\/174202655894\" \/>\n<meta property=\"article:published_time\" content=\"2012-10-16T18:01:04+00:00\" \/>\n<meta property=\"og:image\" content=\"https:\/\/www.tafeldeko.de\/news\/wp-content\/uploads\/2014\/09\/gebu_gruen_lila.jpg\" \/>\n\t<meta property=\"og:image:width\" content=\"724\" \/>\n\t<meta property=\"og:image:height\" content=\"449\" \/>\n\t<meta property=\"og:image:type\" content=\"image\/jpeg\" \/>\n<meta name=\"author\" content=\"Christiane Stein\" \/>\n<meta name=\"twitter:label1\" content=\"Verfasst von\" \/>\n\t<meta name=\"twitter:data1\" content=\"Christiane Stein\" \/>\n\t<meta name=\"twitter:label2\" content=\"Gesch\u00e4tzte Lesezeit\" \/>\n\t<meta name=\"twitter:data2\" content=\"2 Minuten\" \/>\n<script type=\"application\/ld+json\" class=\"yoast-schema-graph\">{\"@context\":\"https:\/\/schema.org\",\"@graph\":[{\"@type\":\"WebPage\",\"@id\":\"https:\/\/www.tafeldeko.de\/news\/die-etwas-andere-tischdeko-mediterran-zum-geburtstag\/\",\"url\":\"https:\/\/www.tafeldeko.de\/news\/die-etwas-andere-tischdeko-mediterran-zum-geburtstag\/\",\"name\":\"Die etwas andere \u201eTischdeko mediterran\u201c zum Geburtstag - Tafeldeko\",\"isPartOf\":{\"@id\":\"https:\/\/www.tafeldeko.de\/news\/#website\"},\"datePublished\":\"2012-10-16T18:01:04+00:00\",\"dateModified\":\"2012-10-16T18:01:04+00:00\",\"author\":{\"@id\":\"https:\/\/www.tafeldeko.de\/news\/#\/schema\/person\/d2acd86447ed0b6336089a8ba83164a0\"},\"description\":\"In einem wundersch&#xF6;nen Lilaton in Kombination mit Wei&#xDF; und Gr&#xFC;n bringt man nicht nur mediterranes Flair, sondern Anmut auf den Tisch.\",\"breadcrumb\":{\"@id\":\"https:\/\/www.tafeldeko.de\/news\/die-etwas-andere-tischdeko-mediterran-zum-geburtstag\/#breadcrumb\"},\"inLanguage\":\"de-DE\",\"potentialAction\":[{\"@type\":\"ReadAction\",\"target\":[\"https:\/\/www.tafeldeko.de\/news\/die-etwas-andere-tischdeko-mediterran-zum-geburtstag\/\"]}]},{\"@type\":\"BreadcrumbList\",\"@id\":\"https:\/\/www.tafeldeko.de\/news\/die-etwas-andere-tischdeko-mediterran-zum-geburtstag\/#breadcrumb\",\"itemListElement\":[{\"@type\":\"ListItem\",\"position\":1,\"name\":\"Tafeldeko\",\"item\":\"https:\/\/www.tafeldeko.de\/news\/\"},{\"@type\":\"ListItem\",\"position\":2,\"name\":\"Alte Beitr\u00e4ge\",\"item\":\"https:\/\/www.tafeldeko.de\/news\/alte-beitraege\/\"},{\"@type\":\"ListItem\",\"position\":3,\"name\":\"Tischdeko - Blog\",\"item\":\"https:\/\/www.tafeldeko.de\/news\/alte-beitraege\/tischdeko-blog\/\"},{\"@type\":\"ListItem\",\"position\":4,\"name\":\"Die etwas andere \u201eTischdeko mediterran\u201c zum Geburtstag\"}]},{\"@type\":\"WebSite\",\"@id\":\"https:\/\/www.tafeldeko.de\/news\/#website\",\"url\":\"https:\/\/www.tafeldeko.de\/news\/\",\"name\":\"Tafeldeko\",\"description\":\"Blog mit Tischdeko und Tischdekoration Ideen\",\"potentialAction\":[{\"@type\":\"SearchAction\",\"target\":{\"@type\":\"EntryPoint\",\"urlTemplate\":\"https:\/\/www.tafeldeko.de\/news\/?s={search_term_string}\"},\"query-input\":\"required name=search_term_string\"}],\"inLanguage\":\"de-DE\"},{\"@type\":\"Person\",\"@id\":\"https:\/\/www.tafeldeko.de\/news\/#\/schema\/person\/d2acd86447ed0b6336089a8ba83164a0\",\"name\":\"Christiane Stein\",\"image\":{\"@type\":\"ImageObject\",\"inLanguage\":\"de-DE\",\"@id\":\"https:\/\/www.tafeldeko.de\/news\/#\/schema\/person\/image\/\",\"url\":\"https:\/\/secure.gravatar.com\/avatar\/2054729fbfd1ebc9d3cf1fd55361d0b6?s=96&d=mm&r=g\",\"contentUrl\":\"https:\/\/secure.gravatar.com\/avatar\/2054729fbfd1ebc9d3cf1fd55361d0b6?s=96&d=mm&r=g\",\"caption\":\"Christiane Stein\"}}]}<\/script>\n<!-- \/ Yoast SEO plugin. -->","yoast_head_json":{"title":"Die etwas andere \u201eTischdeko mediterran\u201c zum Geburtstag - Tafeldeko","description":"In einem wundersch&#xF6;nen Lilaton in Kombination mit Wei&#xDF; und Gr&#xFC;n bringt man nicht nur mediterranes Flair, sondern Anmut auf den Tisch.","robots":{"index":"index","follow":"follow","max-snippet":"max-snippet:-1","max-image-preview":"max-image-preview:large","max-video-preview":"max-video-preview:-1"},"canonical":"https:\/\/www.tafeldeko.de\/news\/die-etwas-andere-tischdeko-mediterran-zum-geburtstag\/","og_locale":"de_DE","og_type":"article","og_title":"Die etwas andere \u201eTischdeko mediterran\u201c zum Geburtstag - Tafeldeko","og_description":"In einem wundersch&#xF6;nen Lilaton in Kombination mit Wei&#xDF; und Gr&#xFC;n bringt man nicht nur mediterranes Flair, sondern Anmut auf den Tisch.","og_url":"https:\/\/www.tafeldeko.de\/news\/die-etwas-andere-tischdeko-mediterran-zum-geburtstag\/","og_site_name":"Tafeldeko","article_publisher":"https:\/\/www.facebook.com\/pages\/Tafeldeko-einzigartige-Tischdekoration\/174202655894","article_published_time":"2012-10-16T18:01:04+00:00","og_image":[{"width":724,"height":449,"url":"https:\/\/www.tafeldeko.de\/news\/wp-content\/uploads\/2014\/09\/gebu_gruen_lila.jpg","type":"image\/jpeg"}],"author":"Christiane Stein","twitter_misc":{"Verfasst von":"Christiane Stein","Gesch\u00e4tzte Lesezeit":"2 Minuten"},"schema":{"@context":"https:\/\/schema.org","@graph":[{"@type":"WebPage","@id":"https:\/\/www.tafeldeko.de\/news\/die-etwas-andere-tischdeko-mediterran-zum-geburtstag\/","url":"https:\/\/www.tafeldeko.de\/news\/die-etwas-andere-tischdeko-mediterran-zum-geburtstag\/","name":"Die etwas andere \u201eTischdeko mediterran\u201c zum Geburtstag - Tafeldeko","isPartOf":{"@id":"https:\/\/www.tafeldeko.de\/news\/#website"},"datePublished":"2012-10-16T18:01:04+00:00","dateModified":"2012-10-16T18:01:04+00:00","author":{"@id":"https:\/\/www.tafeldeko.de\/news\/#\/schema\/person\/d2acd86447ed0b6336089a8ba83164a0"},"description":"In einem wundersch&#xF6;nen Lilaton in Kombination mit Wei&#xDF; und Gr&#xFC;n bringt man nicht nur mediterranes Flair, sondern Anmut auf den Tisch.","breadcrumb":{"@id":"https:\/\/www.tafeldeko.de\/news\/die-etwas-andere-tischdeko-mediterran-zum-geburtstag\/#breadcrumb"},"inLanguage":"de-DE","potentialAction":[{"@type":"ReadAction","target":["https:\/\/www.tafeldeko.de\/news\/die-etwas-andere-tischdeko-mediterran-zum-geburtstag\/"]}]},{"@type":"BreadcrumbList","@id":"https:\/\/www.tafeldeko.de\/news\/die-etwas-andere-tischdeko-mediterran-zum-geburtstag\/#breadcrumb","itemListElement":[{"@type":"ListItem","position":1,"name":"Tafeldeko","item":"https:\/\/www.tafeldeko.de\/news\/"},{"@type":"ListItem","position":2,"name":"Alte Beitr\u00e4ge","item":"https:\/\/www.tafeldeko.de\/news\/alte-beitraege\/"},{"@type":"ListItem","position":3,"name":"Tischdeko - Blog","item":"https:\/\/www.tafeldeko.de\/news\/alte-beitraege\/tischdeko-blog\/"},{"@type":"ListItem","position":4,"name":"Die etwas andere \u201eTischdeko mediterran\u201c zum Geburtstag"}]},{"@type":"WebSite","@id":"https:\/\/www.tafeldeko.de\/news\/#website","url":"https:\/\/www.tafeldeko.de\/news\/","name":"Tafeldeko","description":"Blog mit Tischdeko und Tischdekoration Ideen","potentialAction":[{"@type":"SearchAction","target":{"@type":"EntryPoint","urlTemplate":"https:\/\/www.tafeldeko.de\/news\/?s={search_term_string}"},"query-input":"required name=search_term_string"}],"inLanguage":"de-DE"},{"@type":"Person","@id":"https:\/\/www.tafeldeko.de\/news\/#\/schema\/person\/d2acd86447ed0b6336089a8ba83164a0","name":"Christiane Stein","image":{"@type":"ImageObject","inLanguage":"de-DE","@id":"https:\/\/www.tafeldeko.de\/news\/#\/schema\/person\/image\/","url":"https:\/\/secure.gravatar.com\/avatar\/2054729fbfd1ebc9d3cf1fd55361d0b6?s=96&d=mm&r=g","contentUrl":"https:\/\/secure.gravatar.com\/avatar\/2054729fbfd1ebc9d3cf1fd55361d0b6?s=96&d=mm&r=g","caption":"Christiane Stein"}}]}},"_links":{"self":[{"href":"https:\/\/www.tafeldeko.de\/news\/wp-json\/wp\/v2\/posts\/1124"}],"collection":[{"href":"https:\/\/www.tafeldeko.de\/news\/wp-json\/wp\/v2\/posts"}],"about":[{"href":"https:\/\/www.tafeldeko.de\/news\/wp-json\/wp\/v2\/types\/post"}],"author":[{"embeddable":true,"href":"https:\/\/www.tafeldeko.de\/news\/wp-json\/wp\/v2\/users\/2"}],"replies":[{"embeddable":true,"href":"https:\/\/www.tafeldeko.de\/news\/wp-json\/wp\/v2\/comments?post=1124"}],"version-history":[{"count":0,"href":"https:\/\/www.tafeldeko.de\/news\/wp-json\/wp\/v2\/posts\/1124\/revisions"}],"wp:featuredmedia":[{"embeddable":true,"href":"https:\/\/www.tafeldeko.de\/news\/wp-json\/wp\/v2\/media\/1125"}],"wp:attachment":[{"href":"https:\/\/www.tafeldeko.de\/news\/wp-json\/wp\/v2\/media?parent=1124"}],"wp:term":[{"taxonomy":"category","embeddable":true,"href":"https:\/\/www.tafeldeko.de\/news\/wp-json\/wp\/v2\/categories?post=1124"},{"taxonomy":"post_tag","embeddable":true,"href":"https:\/\/www.tafeldeko.de\/news\/wp-json\/wp\/v2\/tags?post=1124"}],"curies":[{"name":"wp","href":"https:\/\/api.w.org\/{rel}","templated":true}]}}