{"id":1119,"date":"2012-09-19T20:22:51","date_gmt":"2012-09-19T18:22:51","guid":{"rendered":"http:\/\/www.tafeldeko.de\/news\/?p=1119"},"modified":"2012-09-19T20:22:51","modified_gmt":"2012-09-19T18:22:51","slug":"wie-waere-es-mit-einer-herbstlichen-tischdeko-zum-geburtstag","status":"publish","type":"post","link":"https:\/\/www.tafeldeko.de\/news\/wie-waere-es-mit-einer-herbstlichen-tischdeko-zum-geburtstag\/","title":{"rendered":"Wie w\u00e4re es mit einer herbstlichen Tischdeko zum Geburtstag?"},"content":{"rendered":"<div class=\"textumfliessenrechts\"><img decoding=\"async\" loading=\"lazy\" src=\"https:\/\/www.tafeldeko.de\/news\/media\/users\/schnurchristian\/gebu_braun.jpg\" alt=\"Tischdeko Geburtstag\" title=\"Tischdeko Geburtstag\" width=\"320\" height=\"211\"\/><br \/><a href=\"https:\/\/www.tafeldeko.de\/mustertische\/index.php?t=7&#038;c=7&#038;lang=2\" title=\"Geburtstags Tischdeko im Herbst\"><b>Geburtstags Tischdeko im Herbst<\/b><\/a><\/div>\n<p> Hat man schon im Herbst Geburtstag, kann man sich auch f\u00fcr eine <b>herbstliche Tischdeko <\/b>einstellen. Die Tischdeko f\u00fcr den Geburtstag darf gerne herbstlich gehalten sein, wenn man in dieser Jahreszeit Geburtstag hat. Greift man dieses \u201eMotto\u201c auf, hat man bereits einen ersten Anhaltpunkt, in welche Richtung die <b>Tischdeko <\/b>gehen soll.<br \/>\nDie herbstliche Tischdeko f\u00fcr den Geburtstag kann beispielsweise dem Mustertisch sehr nahe kommen und zum wahren Blickfang werden.<br \/>\nDer Beispieltisch ist in den Farben Gelb und Braun gestaltet und setzt die Deko-Artikel gekonnt in Szene. Die Kombination aus braunem Sizoflor Tischband, dem Organza Tischband in Gelb, den Sonnenblumen in der <b><a href=\"https:\/\/www.tafeldeko.de\/index.php\/cat\/c1271_Glasvasen---Keramik.html\" title=\"Vase\">Vase<\/a><\/b>, den dazu passenden Servietten oder dem Vierkant Kerzenglas machen die Tischdekoration perfekt. Dar\u00fcber hinaus kann man Deko Granulat, Baumscheibenstreu oder Raindrops auf dem Tisch verteilen.<br \/>\nDas gibt der Festtagstafel das gewisse Etwas und bringt mehr Leben auf den Tisch. Eine liebevolle, originelle und farbenfrohe Tischdeko ist das, was man sich w\u00fcnscht. Auch f\u00fcr die Taufe, ein Jubil\u00e4um, die Hochzeit oder die Kommunion sollte man darauf achten, dass man eine sch\u00f6ne Tischdeko im Angebot hat. Die G\u00e4ste werden sich gerne an einen <b>liebevoll gedeckten Tisch<\/b> setzten und das Endergebnis zu sch\u00e4tzen wissen.<br \/>\nJede Feierlichkeit sollte mit einer passenden <b><a href=\"https:\/\/www.tafeldeko.de\" title=\"Tischdekoration\">Tischdekoration<\/a><\/b> stattfinden, da sich ein positiver Effekt durch die Deko einstellt und etwas ganz Besonderes auf dem Tisch entsteht. Eine Ideenvielfalt ist im Internet zu finden und man kann sich ganz nach dem eigenen Geschmack richten. Man wird gewiss eine sch\u00f6ne und zugleich passende Tischdeko f\u00fcr jeden Anlass finden. M\u00f6chte man sich nicht alleine der Tischdekoration widmen, kann man Freunde um Hilfe bitten und zusammen wird man ein tolles Ergebnis auf die Beine stellen.<\/p>\n","protected":false},"excerpt":{"rendered":"<p>Hat man schon im Herbst Geburtstag, kann man sich auch f\u00fcr eine herbstliche Tischdeko einstellen. Die Tischdeko f\u00fcr den Geburtstag darf gerne herbstlich gehalten sein, wenn man in dieser Jahreszeit Geburtstag hat. Greift man dieses \u201eMotto\u201c auf, hat man bereits einen ersten Anhaltpunkt, in welche Richtung die Tischdeko gehen soll.<br \/>\nDie herbstliche Tischdeko f\u00fcr den Geburtstag kann beispielsweise dem Mustertisch sehr nahe kommen und zum wahren Blickfang werden.<\/p>\n","protected":false},"author":2,"featured_media":434,"comment_status":"open","ping_status":"open","sticky":false,"template":"","format":"standard","meta":{"footnotes":""},"categories":[1],"tags":[],"yoast_head":"<!-- This site is optimized with the Yoast SEO plugin v20.4 - https:\/\/yoast.com\/wordpress\/plugins\/seo\/ -->\n<title>Wie w\u00e4re es mit einer herbstlichen Tischdeko zum Geburtstag? - Tafeldeko<\/title>\n<meta name=\"description\" content=\"Jede Feierlichkeit sollte mit einer passenden Tischdekoration stattfinden, da sich ein positiver Effekt durch die Deko einstellt.\" \/>\n<meta name=\"robots\" content=\"index, follow, max-snippet:-1, max-image-preview:large, max-video-preview:-1\" \/>\n<link rel=\"canonical\" href=\"https:\/\/www.tafeldeko.de\/news\/wie-waere-es-mit-einer-herbstlichen-tischdeko-zum-geburtstag\/\" \/>\n<meta property=\"og:locale\" content=\"de_DE\" \/>\n<meta property=\"og:type\" content=\"article\" \/>\n<meta property=\"og:title\" content=\"Wie w\u00e4re es mit einer herbstlichen Tischdeko zum Geburtstag? - Tafeldeko\" \/>\n<meta property=\"og:description\" content=\"Jede Feierlichkeit sollte mit einer passenden Tischdekoration stattfinden, da sich ein positiver Effekt durch die Deko einstellt.\" \/>\n<meta property=\"og:url\" content=\"https:\/\/www.tafeldeko.de\/news\/wie-waere-es-mit-einer-herbstlichen-tischdeko-zum-geburtstag\/\" \/>\n<meta property=\"og:site_name\" content=\"Tafeldeko\" \/>\n<meta property=\"article:publisher\" content=\"https:\/\/www.facebook.com\/pages\/Tafeldeko-einzigartige-Tischdekoration\/174202655894\" \/>\n<meta property=\"article:published_time\" content=\"2012-09-19T18:22:51+00:00\" \/>\n<meta property=\"og:image\" content=\"https:\/\/www.tafeldeko.de\/news\/wp-content\/uploads\/2014\/09\/gebu_braun.jpg\" \/>\n\t<meta property=\"og:image:width\" content=\"370\" \/>\n\t<meta property=\"og:image:height\" content=\"231\" \/>\n\t<meta property=\"og:image:type\" content=\"image\/jpeg\" \/>\n<meta name=\"author\" content=\"Christiane Stein\" \/>\n<meta name=\"twitter:label1\" content=\"Verfasst von\" \/>\n\t<meta name=\"twitter:data1\" content=\"Christiane Stein\" \/>\n\t<meta name=\"twitter:label2\" content=\"Gesch\u00e4tzte Lesezeit\" \/>\n\t<meta name=\"twitter:data2\" content=\"1 Minute\" \/>\n<script type=\"application\/ld+json\" class=\"yoast-schema-graph\">{\"@context\":\"https:\/\/schema.org\",\"@graph\":[{\"@type\":\"WebPage\",\"@id\":\"https:\/\/www.tafeldeko.de\/news\/wie-waere-es-mit-einer-herbstlichen-tischdeko-zum-geburtstag\/\",\"url\":\"https:\/\/www.tafeldeko.de\/news\/wie-waere-es-mit-einer-herbstlichen-tischdeko-zum-geburtstag\/\",\"name\":\"Wie w\u00e4re es mit einer herbstlichen Tischdeko zum Geburtstag? - Tafeldeko\",\"isPartOf\":{\"@id\":\"https:\/\/www.tafeldeko.de\/news\/#website\"},\"datePublished\":\"2012-09-19T18:22:51+00:00\",\"dateModified\":\"2012-09-19T18:22:51+00:00\",\"author\":{\"@id\":\"https:\/\/www.tafeldeko.de\/news\/#\/schema\/person\/d2acd86447ed0b6336089a8ba83164a0\"},\"description\":\"Jede Feierlichkeit sollte mit einer passenden Tischdekoration stattfinden, da sich ein positiver Effekt durch die Deko einstellt.\",\"breadcrumb\":{\"@id\":\"https:\/\/www.tafeldeko.de\/news\/wie-waere-es-mit-einer-herbstlichen-tischdeko-zum-geburtstag\/#breadcrumb\"},\"inLanguage\":\"de-DE\",\"potentialAction\":[{\"@type\":\"ReadAction\",\"target\":[\"https:\/\/www.tafeldeko.de\/news\/wie-waere-es-mit-einer-herbstlichen-tischdeko-zum-geburtstag\/\"]}]},{\"@type\":\"BreadcrumbList\",\"@id\":\"https:\/\/www.tafeldeko.de\/news\/wie-waere-es-mit-einer-herbstlichen-tischdeko-zum-geburtstag\/#breadcrumb\",\"itemListElement\":[{\"@type\":\"ListItem\",\"position\":1,\"name\":\"Tafeldeko\",\"item\":\"https:\/\/www.tafeldeko.de\/news\/\"},{\"@type\":\"ListItem\",\"position\":2,\"name\":\"Alte Beitr\u00e4ge\",\"item\":\"https:\/\/www.tafeldeko.de\/news\/alte-beitraege\/\"},{\"@type\":\"ListItem\",\"position\":3,\"name\":\"Tischdeko - Blog\",\"item\":\"https:\/\/www.tafeldeko.de\/news\/alte-beitraege\/tischdeko-blog\/\"},{\"@type\":\"ListItem\",\"position\":4,\"name\":\"Wie w\u00e4re es mit einer herbstlichen Tischdeko zum Geburtstag?\"}]},{\"@type\":\"WebSite\",\"@id\":\"https:\/\/www.tafeldeko.de\/news\/#website\",\"url\":\"https:\/\/www.tafeldeko.de\/news\/\",\"name\":\"Tafeldeko\",\"description\":\"Blog mit Tischdeko und Tischdekoration Ideen\",\"potentialAction\":[{\"@type\":\"SearchAction\",\"target\":{\"@type\":\"EntryPoint\",\"urlTemplate\":\"https:\/\/www.tafeldeko.de\/news\/?s={search_term_string}\"},\"query-input\":\"required name=search_term_string\"}],\"inLanguage\":\"de-DE\"},{\"@type\":\"Person\",\"@id\":\"https:\/\/www.tafeldeko.de\/news\/#\/schema\/person\/d2acd86447ed0b6336089a8ba83164a0\",\"name\":\"Christiane Stein\",\"image\":{\"@type\":\"ImageObject\",\"inLanguage\":\"de-DE\",\"@id\":\"https:\/\/www.tafeldeko.de\/news\/#\/schema\/person\/image\/\",\"url\":\"https:\/\/secure.gravatar.com\/avatar\/2054729fbfd1ebc9d3cf1fd55361d0b6?s=96&d=mm&r=g\",\"contentUrl\":\"https:\/\/secure.gravatar.com\/avatar\/2054729fbfd1ebc9d3cf1fd55361d0b6?s=96&d=mm&r=g\",\"caption\":\"Christiane Stein\"}}]}<\/script>\n<!-- \/ Yoast SEO plugin. -->","yoast_head_json":{"title":"Wie w\u00e4re es mit einer herbstlichen Tischdeko zum Geburtstag? - Tafeldeko","description":"Jede Feierlichkeit sollte mit einer passenden Tischdekoration stattfinden, da sich ein positiver Effekt durch die Deko einstellt.","robots":{"index":"index","follow":"follow","max-snippet":"max-snippet:-1","max-image-preview":"max-image-preview:large","max-video-preview":"max-video-preview:-1"},"canonical":"https:\/\/www.tafeldeko.de\/news\/wie-waere-es-mit-einer-herbstlichen-tischdeko-zum-geburtstag\/","og_locale":"de_DE","og_type":"article","og_title":"Wie w\u00e4re es mit einer herbstlichen Tischdeko zum Geburtstag? - Tafeldeko","og_description":"Jede Feierlichkeit sollte mit einer passenden Tischdekoration stattfinden, da sich ein positiver Effekt durch die Deko einstellt.","og_url":"https:\/\/www.tafeldeko.de\/news\/wie-waere-es-mit-einer-herbstlichen-tischdeko-zum-geburtstag\/","og_site_name":"Tafeldeko","article_publisher":"https:\/\/www.facebook.com\/pages\/Tafeldeko-einzigartige-Tischdekoration\/174202655894","article_published_time":"2012-09-19T18:22:51+00:00","og_image":[{"width":370,"height":231,"url":"https:\/\/www.tafeldeko.de\/news\/wp-content\/uploads\/2014\/09\/gebu_braun.jpg","type":"image\/jpeg"}],"author":"Christiane Stein","twitter_misc":{"Verfasst von":"Christiane Stein","Gesch\u00e4tzte Lesezeit":"1 Minute"},"schema":{"@context":"https:\/\/schema.org","@graph":[{"@type":"WebPage","@id":"https:\/\/www.tafeldeko.de\/news\/wie-waere-es-mit-einer-herbstlichen-tischdeko-zum-geburtstag\/","url":"https:\/\/www.tafeldeko.de\/news\/wie-waere-es-mit-einer-herbstlichen-tischdeko-zum-geburtstag\/","name":"Wie w\u00e4re es mit einer herbstlichen Tischdeko zum Geburtstag? - Tafeldeko","isPartOf":{"@id":"https:\/\/www.tafeldeko.de\/news\/#website"},"datePublished":"2012-09-19T18:22:51+00:00","dateModified":"2012-09-19T18:22:51+00:00","author":{"@id":"https:\/\/www.tafeldeko.de\/news\/#\/schema\/person\/d2acd86447ed0b6336089a8ba83164a0"},"description":"Jede Feierlichkeit sollte mit einer passenden Tischdekoration stattfinden, da sich ein positiver Effekt durch die Deko einstellt.","breadcrumb":{"@id":"https:\/\/www.tafeldeko.de\/news\/wie-waere-es-mit-einer-herbstlichen-tischdeko-zum-geburtstag\/#breadcrumb"},"inLanguage":"de-DE","potentialAction":[{"@type":"ReadAction","target":["https:\/\/www.tafeldeko.de\/news\/wie-waere-es-mit-einer-herbstlichen-tischdeko-zum-geburtstag\/"]}]},{"@type":"BreadcrumbList","@id":"https:\/\/www.tafeldeko.de\/news\/wie-waere-es-mit-einer-herbstlichen-tischdeko-zum-geburtstag\/#breadcrumb","itemListElement":[{"@type":"ListItem","position":1,"name":"Tafeldeko","item":"https:\/\/www.tafeldeko.de\/news\/"},{"@type":"ListItem","position":2,"name":"Alte Beitr\u00e4ge","item":"https:\/\/www.tafeldeko.de\/news\/alte-beitraege\/"},{"@type":"ListItem","position":3,"name":"Tischdeko - Blog","item":"https:\/\/www.tafeldeko.de\/news\/alte-beitraege\/tischdeko-blog\/"},{"@type":"ListItem","position":4,"name":"Wie w\u00e4re es mit einer herbstlichen Tischdeko zum Geburtstag?"}]},{"@type":"WebSite","@id":"https:\/\/www.tafeldeko.de\/news\/#website","url":"https:\/\/www.tafeldeko.de\/news\/","name":"Tafeldeko","description":"Blog mit Tischdeko und Tischdekoration Ideen","potentialAction":[{"@type":"SearchAction","target":{"@type":"EntryPoint","urlTemplate":"https:\/\/www.tafeldeko.de\/news\/?s={search_term_string}"},"query-input":"required name=search_term_string"}],"inLanguage":"de-DE"},{"@type":"Person","@id":"https:\/\/www.tafeldeko.de\/news\/#\/schema\/person\/d2acd86447ed0b6336089a8ba83164a0","name":"Christiane Stein","image":{"@type":"ImageObject","inLanguage":"de-DE","@id":"https:\/\/www.tafeldeko.de\/news\/#\/schema\/person\/image\/","url":"https:\/\/secure.gravatar.com\/avatar\/2054729fbfd1ebc9d3cf1fd55361d0b6?s=96&d=mm&r=g","contentUrl":"https:\/\/secure.gravatar.com\/avatar\/2054729fbfd1ebc9d3cf1fd55361d0b6?s=96&d=mm&r=g","caption":"Christiane Stein"}}]}},"_links":{"self":[{"href":"https:\/\/www.tafeldeko.de\/news\/wp-json\/wp\/v2\/posts\/1119"}],"collection":[{"href":"https:\/\/www.tafeldeko.de\/news\/wp-json\/wp\/v2\/posts"}],"about":[{"href":"https:\/\/www.tafeldeko.de\/news\/wp-json\/wp\/v2\/types\/post"}],"author":[{"embeddable":true,"href":"https:\/\/www.tafeldeko.de\/news\/wp-json\/wp\/v2\/users\/2"}],"replies":[{"embeddable":true,"href":"https:\/\/www.tafeldeko.de\/news\/wp-json\/wp\/v2\/comments?post=1119"}],"version-history":[{"count":0,"href":"https:\/\/www.tafeldeko.de\/news\/wp-json\/wp\/v2\/posts\/1119\/revisions"}],"wp:featuredmedia":[{"embeddable":true,"href":"https:\/\/www.tafeldeko.de\/news\/wp-json\/wp\/v2\/media\/434"}],"wp:attachment":[{"href":"https:\/\/www.tafeldeko.de\/news\/wp-json\/wp\/v2\/media?parent=1119"}],"wp:term":[{"taxonomy":"category","embeddable":true,"href":"https:\/\/www.tafeldeko.de\/news\/wp-json\/wp\/v2\/categories?post=1119"},{"taxonomy":"post_tag","embeddable":true,"href":"https:\/\/www.tafeldeko.de\/news\/wp-json\/wp\/v2\/tags?post=1119"}],"curies":[{"name":"wp","href":"https:\/\/api.w.org\/{rel}","templated":true}]}}