{"id":1118,"date":"2012-09-06T21:29:52","date_gmt":"2012-09-06T19:29:52","guid":{"rendered":"http:\/\/www.tafeldeko.de\/news\/?p=1118"},"modified":"2012-09-06T21:29:52","modified_gmt":"2012-09-06T19:29:52","slug":"die-tischdeko-zum-80-geburtstag-bekennt-farbe","status":"publish","type":"post","link":"https:\/\/www.tafeldeko.de\/news\/die-tischdeko-zum-80-geburtstag-bekennt-farbe\/","title":{"rendered":"Die Tischdeko zum 80. Geburtstag bekennt Farbe"},"content":{"rendered":"<div class=\"textumfliessenrechts\"><img decoding=\"async\" loading=\"lazy\" src=\"https:\/\/www.tafeldeko.de\/news\/media\/users\/schnurchristian\/gebu_pink.jpg\" alt=\"Tischdeko Geburtstag\" title=\"Tischdeko Geburtstag\" width=\"328\" height=\"226\"\/><br \/><a href=\"https:\/\/www.tafeldeko.de\/mustertische\/index.php?t=3&#038;c=7&#038;lang=2\" title=\"Tischdeko 80. Geburtstag\"><b>Tischdeko 80. Geburtstag<\/b><\/a><\/div>\n<p> \u201eFeste soll man so feiern, wie sie fallen\u201c &#8211; das ist ein sehr sch\u00f6nes Sprichwort, das man sich zu Herzen nehmen sollte. Denn man kann nie wissen, wenn man erneut die M\u00f6glichkeit hat, in solch einer sch\u00f6nen Runde zu feiern und gemeinsam Spa\u00df zu haben.<br \/>\nDamit der Geburtstag ein voller Erfolg wird, sind einige Vorbereitungen notwendig. Hierzu z\u00e4hlt unter anderem das Einladen der G\u00e4ste, das Ausw\u00e4hlen der Lokation, einen Partyservice beauftragen, die musikalische Unterhaltung oder auch die Tischdekoration.<br \/>\nEine Tischdeko geh\u00f6rt definitiv auf die Festtagstafel und somit ist die <b>Tischdeko zum 80. Geburtstag<\/b> ein Muss. In welcher Farbe man die Deko gestaltet, ist einem selbst \u00fcberlassen und h\u00e4ngt auch vom eigenen Geschmack ab. Um sich Inspirationen zum Thema \u201eTischdeko zum 80. <b><a href=\"https:\/\/www.tafeldeko.de\/index.php\/cat\/c50_Tischdeko-Geburtstag.html\" title=\"Geburtstag\">Geburtstag<\/a><\/b>\u201c zu holen, ist das world wide web eine sehr gute Anlaufquelle, wo man zahlreiche Mustertische findet.<br \/>\nEine sehr sch\u00f6ne Variante ist beispielsweise die Tischdeko in der Farbkonstellation Pink-Rosa.<br \/>\nDie ausgew\u00e4hlten dekorativen Accessoires, wie die Deko-Kugeln in Aubergine mit Muster, Deko Drahtb\u00e4lle in Silber, die geschlossene <b><a href=\"https:\/\/www.tafeldeko.de\/index.php\/cat\/c867_Herzen.html\" title=\"Deko-Herzen\">Deko-Herzen<\/a><\/b> oder die mittig drapierte Vase &#8211; das bringt Farbe und Leben auf den Tisch.<br \/>\nGleichg\u00fcltig, ob man diese Art der Tischdeko f\u00fcr den 80. Geburtstag oder f\u00fcr den 30. Geburtstag in Erw\u00e4gung zieht. Wer m\u00f6chte, kann jede x-beliebige Farbe f\u00fcr die Tischdeko verwenden. Wichtig ist nur, dass man darauf achtet, dass die Farben zueinander passen und miteinander harmonieren. Schlie\u00dflich m\u00f6chte man kein lustiges Farbenspiel auf der Festtagstafel vorfinden, sondern ein stimmiges Gesamtbild.<br \/>\nDer n\u00e4chste Geburtstag kommt gewiss und daher kann man durchaus f\u00fcr eine sch\u00f6ne und <b>originelle Tischdeko<\/b> sorgen.<\/p>\n","protected":false},"excerpt":{"rendered":"<p>\u201eFeste soll man so feiern, wie sie fallen\u201c &#8211; das ist ein sehr sch\u00f6nes Sprichwort, das man sich zu Herzen nehmen sollte. Denn man kann nie wissen, wenn man erneut die M\u00f6glichkeit hat, in solch einer sch\u00f6nen Runde zu feiern und gemeinsam Spa\u00df zu haben.<br \/>\nDamit der Geburtstag ein voller Erfolg wird, sind einige Vorbereitungen notwendig. Hierzu z\u00e4hlt unter anderem das Einladen der G\u00e4ste, das Ausw\u00e4hlen der Lokation, einen Partyservice beauftragen, die musikalische Unterhaltung oder auch die Tischdekoration.<\/p>\n","protected":false},"author":2,"featured_media":1083,"comment_status":"open","ping_status":"open","sticky":false,"template":"","format":"standard","meta":{"footnotes":""},"categories":[1],"tags":[],"yoast_head":"<!-- This site is optimized with the Yoast SEO plugin v20.4 - https:\/\/yoast.com\/wordpress\/plugins\/seo\/ -->\n<title>Die Tischdeko zum 80. Geburtstag bekennt Farbe - Tafeldeko<\/title>\n<meta name=\"description\" content=\"Eine Tischdeko geh&#xF6;rt definitiv auf die Festtagstafel und somit ist die Tischdeko zum 80. Geburtstag ein Muss.\" \/>\n<meta name=\"robots\" content=\"index, follow, max-snippet:-1, max-image-preview:large, max-video-preview:-1\" \/>\n<link rel=\"canonical\" href=\"https:\/\/www.tafeldeko.de\/news\/die-tischdeko-zum-80-geburtstag-bekennt-farbe\/\" \/>\n<meta property=\"og:locale\" content=\"de_DE\" \/>\n<meta property=\"og:type\" content=\"article\" \/>\n<meta property=\"og:title\" content=\"Die Tischdeko zum 80. Geburtstag bekennt Farbe - Tafeldeko\" \/>\n<meta property=\"og:description\" content=\"Eine Tischdeko geh&#xF6;rt definitiv auf die Festtagstafel und somit ist die Tischdeko zum 80. Geburtstag ein Muss.\" \/>\n<meta property=\"og:url\" content=\"https:\/\/www.tafeldeko.de\/news\/die-tischdeko-zum-80-geburtstag-bekennt-farbe\/\" \/>\n<meta property=\"og:site_name\" content=\"Tafeldeko\" \/>\n<meta property=\"article:publisher\" content=\"https:\/\/www.facebook.com\/pages\/Tafeldeko-einzigartige-Tischdekoration\/174202655894\" \/>\n<meta property=\"article:published_time\" content=\"2012-09-06T19:29:52+00:00\" \/>\n<meta property=\"og:image\" content=\"https:\/\/www.tafeldeko.de\/news\/wp-content\/uploads\/2014\/09\/gebu_pink.jpg\" \/>\n\t<meta property=\"og:image:width\" content=\"448\" \/>\n\t<meta property=\"og:image:height\" content=\"286\" \/>\n\t<meta property=\"og:image:type\" content=\"image\/jpeg\" \/>\n<meta name=\"author\" content=\"Christiane Stein\" \/>\n<meta name=\"twitter:label1\" content=\"Verfasst von\" \/>\n\t<meta name=\"twitter:data1\" content=\"Christiane Stein\" \/>\n\t<meta name=\"twitter:label2\" content=\"Gesch\u00e4tzte Lesezeit\" \/>\n\t<meta name=\"twitter:data2\" content=\"1 Minute\" \/>\n<script type=\"application\/ld+json\" class=\"yoast-schema-graph\">{\"@context\":\"https:\/\/schema.org\",\"@graph\":[{\"@type\":\"WebPage\",\"@id\":\"https:\/\/www.tafeldeko.de\/news\/die-tischdeko-zum-80-geburtstag-bekennt-farbe\/\",\"url\":\"https:\/\/www.tafeldeko.de\/news\/die-tischdeko-zum-80-geburtstag-bekennt-farbe\/\",\"name\":\"Die Tischdeko zum 80. Geburtstag bekennt Farbe - Tafeldeko\",\"isPartOf\":{\"@id\":\"https:\/\/www.tafeldeko.de\/news\/#website\"},\"datePublished\":\"2012-09-06T19:29:52+00:00\",\"dateModified\":\"2012-09-06T19:29:52+00:00\",\"author\":{\"@id\":\"https:\/\/www.tafeldeko.de\/news\/#\/schema\/person\/d2acd86447ed0b6336089a8ba83164a0\"},\"description\":\"Eine Tischdeko geh&#xF6;rt definitiv auf die Festtagstafel und somit ist die Tischdeko zum 80. Geburtstag ein Muss.\",\"breadcrumb\":{\"@id\":\"https:\/\/www.tafeldeko.de\/news\/die-tischdeko-zum-80-geburtstag-bekennt-farbe\/#breadcrumb\"},\"inLanguage\":\"de-DE\",\"potentialAction\":[{\"@type\":\"ReadAction\",\"target\":[\"https:\/\/www.tafeldeko.de\/news\/die-tischdeko-zum-80-geburtstag-bekennt-farbe\/\"]}]},{\"@type\":\"BreadcrumbList\",\"@id\":\"https:\/\/www.tafeldeko.de\/news\/die-tischdeko-zum-80-geburtstag-bekennt-farbe\/#breadcrumb\",\"itemListElement\":[{\"@type\":\"ListItem\",\"position\":1,\"name\":\"Tafeldeko\",\"item\":\"https:\/\/www.tafeldeko.de\/news\/\"},{\"@type\":\"ListItem\",\"position\":2,\"name\":\"Alte Beitr\u00e4ge\",\"item\":\"https:\/\/www.tafeldeko.de\/news\/alte-beitraege\/\"},{\"@type\":\"ListItem\",\"position\":3,\"name\":\"Tischdeko - Blog\",\"item\":\"https:\/\/www.tafeldeko.de\/news\/alte-beitraege\/tischdeko-blog\/\"},{\"@type\":\"ListItem\",\"position\":4,\"name\":\"Die Tischdeko zum 80. Geburtstag bekennt Farbe\"}]},{\"@type\":\"WebSite\",\"@id\":\"https:\/\/www.tafeldeko.de\/news\/#website\",\"url\":\"https:\/\/www.tafeldeko.de\/news\/\",\"name\":\"Tafeldeko\",\"description\":\"Blog mit Tischdeko und Tischdekoration Ideen\",\"potentialAction\":[{\"@type\":\"SearchAction\",\"target\":{\"@type\":\"EntryPoint\",\"urlTemplate\":\"https:\/\/www.tafeldeko.de\/news\/?s={search_term_string}\"},\"query-input\":\"required name=search_term_string\"}],\"inLanguage\":\"de-DE\"},{\"@type\":\"Person\",\"@id\":\"https:\/\/www.tafeldeko.de\/news\/#\/schema\/person\/d2acd86447ed0b6336089a8ba83164a0\",\"name\":\"Christiane Stein\",\"image\":{\"@type\":\"ImageObject\",\"inLanguage\":\"de-DE\",\"@id\":\"https:\/\/www.tafeldeko.de\/news\/#\/schema\/person\/image\/\",\"url\":\"https:\/\/secure.gravatar.com\/avatar\/2054729fbfd1ebc9d3cf1fd55361d0b6?s=96&d=mm&r=g\",\"contentUrl\":\"https:\/\/secure.gravatar.com\/avatar\/2054729fbfd1ebc9d3cf1fd55361d0b6?s=96&d=mm&r=g\",\"caption\":\"Christiane Stein\"}}]}<\/script>\n<!-- \/ Yoast SEO plugin. -->","yoast_head_json":{"title":"Die Tischdeko zum 80. Geburtstag bekennt Farbe - Tafeldeko","description":"Eine Tischdeko geh&#xF6;rt definitiv auf die Festtagstafel und somit ist die Tischdeko zum 80. Geburtstag ein Muss.","robots":{"index":"index","follow":"follow","max-snippet":"max-snippet:-1","max-image-preview":"max-image-preview:large","max-video-preview":"max-video-preview:-1"},"canonical":"https:\/\/www.tafeldeko.de\/news\/die-tischdeko-zum-80-geburtstag-bekennt-farbe\/","og_locale":"de_DE","og_type":"article","og_title":"Die Tischdeko zum 80. Geburtstag bekennt Farbe - Tafeldeko","og_description":"Eine Tischdeko geh&#xF6;rt definitiv auf die Festtagstafel und somit ist die Tischdeko zum 80. Geburtstag ein Muss.","og_url":"https:\/\/www.tafeldeko.de\/news\/die-tischdeko-zum-80-geburtstag-bekennt-farbe\/","og_site_name":"Tafeldeko","article_publisher":"https:\/\/www.facebook.com\/pages\/Tafeldeko-einzigartige-Tischdekoration\/174202655894","article_published_time":"2012-09-06T19:29:52+00:00","og_image":[{"width":448,"height":286,"url":"https:\/\/www.tafeldeko.de\/news\/wp-content\/uploads\/2014\/09\/gebu_pink.jpg","type":"image\/jpeg"}],"author":"Christiane Stein","twitter_misc":{"Verfasst von":"Christiane Stein","Gesch\u00e4tzte Lesezeit":"1 Minute"},"schema":{"@context":"https:\/\/schema.org","@graph":[{"@type":"WebPage","@id":"https:\/\/www.tafeldeko.de\/news\/die-tischdeko-zum-80-geburtstag-bekennt-farbe\/","url":"https:\/\/www.tafeldeko.de\/news\/die-tischdeko-zum-80-geburtstag-bekennt-farbe\/","name":"Die Tischdeko zum 80. Geburtstag bekennt Farbe - Tafeldeko","isPartOf":{"@id":"https:\/\/www.tafeldeko.de\/news\/#website"},"datePublished":"2012-09-06T19:29:52+00:00","dateModified":"2012-09-06T19:29:52+00:00","author":{"@id":"https:\/\/www.tafeldeko.de\/news\/#\/schema\/person\/d2acd86447ed0b6336089a8ba83164a0"},"description":"Eine Tischdeko geh&#xF6;rt definitiv auf die Festtagstafel und somit ist die Tischdeko zum 80. Geburtstag ein Muss.","breadcrumb":{"@id":"https:\/\/www.tafeldeko.de\/news\/die-tischdeko-zum-80-geburtstag-bekennt-farbe\/#breadcrumb"},"inLanguage":"de-DE","potentialAction":[{"@type":"ReadAction","target":["https:\/\/www.tafeldeko.de\/news\/die-tischdeko-zum-80-geburtstag-bekennt-farbe\/"]}]},{"@type":"BreadcrumbList","@id":"https:\/\/www.tafeldeko.de\/news\/die-tischdeko-zum-80-geburtstag-bekennt-farbe\/#breadcrumb","itemListElement":[{"@type":"ListItem","position":1,"name":"Tafeldeko","item":"https:\/\/www.tafeldeko.de\/news\/"},{"@type":"ListItem","position":2,"name":"Alte Beitr\u00e4ge","item":"https:\/\/www.tafeldeko.de\/news\/alte-beitraege\/"},{"@type":"ListItem","position":3,"name":"Tischdeko - Blog","item":"https:\/\/www.tafeldeko.de\/news\/alte-beitraege\/tischdeko-blog\/"},{"@type":"ListItem","position":4,"name":"Die Tischdeko zum 80. Geburtstag bekennt Farbe"}]},{"@type":"WebSite","@id":"https:\/\/www.tafeldeko.de\/news\/#website","url":"https:\/\/www.tafeldeko.de\/news\/","name":"Tafeldeko","description":"Blog mit Tischdeko und Tischdekoration Ideen","potentialAction":[{"@type":"SearchAction","target":{"@type":"EntryPoint","urlTemplate":"https:\/\/www.tafeldeko.de\/news\/?s={search_term_string}"},"query-input":"required name=search_term_string"}],"inLanguage":"de-DE"},{"@type":"Person","@id":"https:\/\/www.tafeldeko.de\/news\/#\/schema\/person\/d2acd86447ed0b6336089a8ba83164a0","name":"Christiane Stein","image":{"@type":"ImageObject","inLanguage":"de-DE","@id":"https:\/\/www.tafeldeko.de\/news\/#\/schema\/person\/image\/","url":"https:\/\/secure.gravatar.com\/avatar\/2054729fbfd1ebc9d3cf1fd55361d0b6?s=96&d=mm&r=g","contentUrl":"https:\/\/secure.gravatar.com\/avatar\/2054729fbfd1ebc9d3cf1fd55361d0b6?s=96&d=mm&r=g","caption":"Christiane Stein"}}]}},"_links":{"self":[{"href":"https:\/\/www.tafeldeko.de\/news\/wp-json\/wp\/v2\/posts\/1118"}],"collection":[{"href":"https:\/\/www.tafeldeko.de\/news\/wp-json\/wp\/v2\/posts"}],"about":[{"href":"https:\/\/www.tafeldeko.de\/news\/wp-json\/wp\/v2\/types\/post"}],"author":[{"embeddable":true,"href":"https:\/\/www.tafeldeko.de\/news\/wp-json\/wp\/v2\/users\/2"}],"replies":[{"embeddable":true,"href":"https:\/\/www.tafeldeko.de\/news\/wp-json\/wp\/v2\/comments?post=1118"}],"version-history":[{"count":0,"href":"https:\/\/www.tafeldeko.de\/news\/wp-json\/wp\/v2\/posts\/1118\/revisions"}],"wp:featuredmedia":[{"embeddable":true,"href":"https:\/\/www.tafeldeko.de\/news\/wp-json\/wp\/v2\/media\/1083"}],"wp:attachment":[{"href":"https:\/\/www.tafeldeko.de\/news\/wp-json\/wp\/v2\/media?parent=1118"}],"wp:term":[{"taxonomy":"category","embeddable":true,"href":"https:\/\/www.tafeldeko.de\/news\/wp-json\/wp\/v2\/categories?post=1118"},{"taxonomy":"post_tag","embeddable":true,"href":"https:\/\/www.tafeldeko.de\/news\/wp-json\/wp\/v2\/tags?post=1118"}],"curies":[{"name":"wp","href":"https:\/\/api.w.org\/{rel}","templated":true}]}}