{"id":1109,"date":"2012-08-07T20:44:52","date_gmt":"2012-08-07T18:44:52","guid":{"rendered":"http:\/\/www.tafeldeko.de\/news\/?p=1109"},"modified":"2012-08-07T20:44:52","modified_gmt":"2012-08-07T18:44:52","slug":"laendliche-tischdekoration-fuer-den-geburtstag","status":"publish","type":"post","link":"https:\/\/www.tafeldeko.de\/news\/laendliche-tischdekoration-fuer-den-geburtstag\/","title":{"rendered":"L\u00e4ndliche Tischdekoration f\u00fcr den Geburtstag"},"content":{"rendered":"<div class=\"textumfliessenrechts\"><img decoding=\"async\" loading=\"lazy\" src=\"https:\/\/www.tafeldeko.de\/news\/media\/users\/schnurchristian\/teelicht_antik_neu.JPG\" alt=\"Teelichthalter Antik\" title=\"Teelichthalter Antik\" width=\"225\" height=\"225\"\/><br \/><a href=\"https:\/\/www.tafeldeko.de\/product_info.php\/products_id\/10938_Kleines-Windlichtglas-mit-Anh%C3%A4nger-Hahn.html\" title=\"Hier l\u00e4ndliche Tischdeko\"><b>Hier l\u00e4ndliche Tischdeko<\/b><\/a><\/div>\n<p> In Punkto Dekorationen ist momentan der Retro Stil oder Vintage Look angesagt.<br \/>\nTypische Merkmale f\u00fcr den Retro Stil und auch den Vintage Look sind die altmodischen Gestaltungsvarianten bei M\u00f6beln, Tapeten, Deko-Accessoires und anderen Einrichtungsgegenst\u00e4nden. Gerade M\u00f6bel weisen Patinaspuren auf, obwohl sie gerade erst hergestellt wurden. Doch genau das macht den <b>Vintage Look<\/b> aus.<br \/>\nM\u00f6bel und andere Gegenst\u00e4nde, die man in den 30ern bis 70ern hatte, wurden heute nochmals zum Leben erweckt.<br \/>\nDie \u201ealten\u201c M\u00f6bel sind oftmals weiss gestrichen, erinnern etwas an die schwedischen oder d\u00e4nischen Stilrichtungen.<br \/>\nSucht man nun eine passende Tischdeko f\u00fcr die Stilrichtungen \u201eRetro\u201c und \u201eVintage\u201c, empfiehlt sich eine l\u00e4ndliche Tischdekoration.<br \/>\nDenkt man an die l\u00e4ndliche Tischdeko, gehen die Gedanken wohl in erster Linie in Richtung Karomuster in rot-wei\u00df oder blau-wei\u00df und Deko-Accessoires mit Spitze und Stickereien. Und genau diese Accessoires passen hervorragend zu den schon mal da gewesenen M\u00f6beln dazu.<br \/>\nEin <b><a href=\"https:\/\/www.tafeldeko.de\/index.php\/cat\/c50_Tischdeko-Geburtstag.html\" title=\"Geburtstag\">Geburtstag<\/a><\/b> in den eigenen vier W\u00e4nden, die eben im Retro-Stil oder im Vintage-Look eingerichtet sind, sieht mit einer l\u00e4ndlichen Tischdeko hervorragend aus.<\/p>\n<p><b>L\u00e4ndliche Tischdeko f\u00fcr den Geburtstag in lila und wei\u00df<\/b> \u2013 das w\u00e4re doch eine wundersch\u00f6ne Basis.<br \/>\nEine wei\u00dfe Tischdecke bildet die Grundlage, wei\u00df-lila-kariertes Tischband und lilafarbener <b><a href=\"https:\/\/www.tafeldeko.de\/index.php\/cat\/c441_Organza-Stoffe.html\" title=\"Organzastoff\">Organzastoff<\/a><\/b> sind die Accessoires, die in der Tischmitte dominieren.<br \/>\nServietten werden auch in lila und weissen Karos ausgew\u00e4hlt, und bilden einen sch\u00f6nen Blickpunkt auf weissen Tellern. <\/p>\n<p><b>Toller Akzent auf dem Tisch<\/b> \u2013 der Teelichthalter im Antik Look<br \/>\nNachdem die Hauptbestandteile der Tischdeko f\u00fcr den Geburtstag ausgew\u00e4hlt wurden, bedarf es noch kleinerer, feinerer Accessoires, um die Tischdeko zu perfektionieren. Eine tolle Variante bietet der Teelichthalter im Antik Look.<br \/>\nAus einer Kombination aus Draht, Holz, Stein und Glas, versch\u00f6nert mit einem lila-weiss-kariertem B\u00e4ndchen, unterstreicht dieser Teelichthalter den Vintage Look hervorragend.<br \/>\nUnd ist die Feier vor\u00fcber, dann findet der Teelichthalter im Antik Look seinen Platz auf einem sch\u00f6nen Sideboard oder auf dem Wohnzimmertisch.<\/p>\n","protected":false},"excerpt":{"rendered":"<p>In Punkto Dekorationen ist momentan der Retro Stil oder Vintage Look angesagt.<br \/>\nTypische Merkmale f\u00fcr den Retro Stil und auch den Vintage Look sind die altmodischen Gestaltungsvarianten bei M\u00f6beln, Tapeten, Deko-Accessoires und anderen Einrichtungsgegenst\u00e4nden. Gerade M\u00f6bel weisen Patinaspuren auf, obwohl sie gerade erst hergestellt wurden. Doch genau das macht den Vintage Look aus.<br \/>\nM\u00f6bel und andere Gegenst\u00e4nde, die man in den 30ern bis 70ern hatte, wurden heute nochmals zum Leben erweckt.<br \/>\nDie \u201ealten\u201c M\u00f6bel sind oftmals weiss gestrichen, erinnern etwas an die schwedischen oder d\u00e4nischen Stilrichtungen.<br \/>\nSucht man nun eine passende Tischdeko f\u00fcr die Stilrichtungen \u201eRetro\u201c und \u201eVintage\u201c, empfiehlt sich eine l\u00e4ndliche Tischdekoration.<\/p>\n","protected":false},"author":2,"featured_media":1110,"comment_status":"open","ping_status":"open","sticky":false,"template":"","format":"standard","meta":{"footnotes":""},"categories":[1],"tags":[],"yoast_head":"<!-- This site is optimized with the Yoast SEO plugin v20.4 - https:\/\/yoast.com\/wordpress\/plugins\/seo\/ -->\n<title>L\u00e4ndliche Tischdekoration f\u00fcr den Geburtstag - Tafeldeko<\/title>\n<meta name=\"description\" content=\"L&#xE4;ndliche Tischdeko f&#xFC;r den Geburtstag in lila und wei&#xDF; - ein toller Blickfang und mit Pastellt&#xF6;nen kombiniert, ein echtes Highlight.\" \/>\n<meta name=\"robots\" content=\"index, follow, max-snippet:-1, max-image-preview:large, max-video-preview:-1\" \/>\n<link rel=\"canonical\" href=\"https:\/\/www.tafeldeko.de\/news\/laendliche-tischdekoration-fuer-den-geburtstag\/\" \/>\n<meta property=\"og:locale\" content=\"de_DE\" \/>\n<meta property=\"og:type\" content=\"article\" \/>\n<meta property=\"og:title\" content=\"L\u00e4ndliche Tischdekoration f\u00fcr den Geburtstag - Tafeldeko\" \/>\n<meta property=\"og:description\" content=\"L&#xE4;ndliche Tischdeko f&#xFC;r den Geburtstag in lila und wei&#xDF; - ein toller Blickfang und mit Pastellt&#xF6;nen kombiniert, ein echtes Highlight.\" \/>\n<meta property=\"og:url\" content=\"https:\/\/www.tafeldeko.de\/news\/laendliche-tischdekoration-fuer-den-geburtstag\/\" \/>\n<meta property=\"og:site_name\" content=\"Tafeldeko\" \/>\n<meta property=\"article:publisher\" content=\"https:\/\/www.facebook.com\/pages\/Tafeldeko-einzigartige-Tischdekoration\/174202655894\" \/>\n<meta property=\"article:published_time\" content=\"2012-08-07T18:44:52+00:00\" \/>\n<meta property=\"og:image\" content=\"https:\/\/www.tafeldeko.de\/news\/wp-content\/uploads\/2014\/09\/teelicht_antik_neu.JPG\" \/>\n\t<meta property=\"og:image:width\" content=\"225\" \/>\n\t<meta property=\"og:image:height\" content=\"225\" \/>\n\t<meta property=\"og:image:type\" content=\"image\/jpeg\" \/>\n<meta name=\"author\" content=\"Christiane Stein\" \/>\n<meta name=\"twitter:label1\" content=\"Verfasst von\" \/>\n\t<meta name=\"twitter:data1\" content=\"Christiane Stein\" \/>\n\t<meta name=\"twitter:label2\" content=\"Gesch\u00e4tzte Lesezeit\" \/>\n\t<meta name=\"twitter:data2\" content=\"2 Minuten\" \/>\n<script type=\"application\/ld+json\" class=\"yoast-schema-graph\">{\"@context\":\"https:\/\/schema.org\",\"@graph\":[{\"@type\":\"WebPage\",\"@id\":\"https:\/\/www.tafeldeko.de\/news\/laendliche-tischdekoration-fuer-den-geburtstag\/\",\"url\":\"https:\/\/www.tafeldeko.de\/news\/laendliche-tischdekoration-fuer-den-geburtstag\/\",\"name\":\"L\u00e4ndliche Tischdekoration f\u00fcr den Geburtstag - Tafeldeko\",\"isPartOf\":{\"@id\":\"https:\/\/www.tafeldeko.de\/news\/#website\"},\"datePublished\":\"2012-08-07T18:44:52+00:00\",\"dateModified\":\"2012-08-07T18:44:52+00:00\",\"author\":{\"@id\":\"https:\/\/www.tafeldeko.de\/news\/#\/schema\/person\/d2acd86447ed0b6336089a8ba83164a0\"},\"description\":\"L&#xE4;ndliche Tischdeko f&#xFC;r den Geburtstag in lila und wei&#xDF; - ein toller Blickfang und mit Pastellt&#xF6;nen kombiniert, ein echtes Highlight.\",\"breadcrumb\":{\"@id\":\"https:\/\/www.tafeldeko.de\/news\/laendliche-tischdekoration-fuer-den-geburtstag\/#breadcrumb\"},\"inLanguage\":\"de-DE\",\"potentialAction\":[{\"@type\":\"ReadAction\",\"target\":[\"https:\/\/www.tafeldeko.de\/news\/laendliche-tischdekoration-fuer-den-geburtstag\/\"]}]},{\"@type\":\"BreadcrumbList\",\"@id\":\"https:\/\/www.tafeldeko.de\/news\/laendliche-tischdekoration-fuer-den-geburtstag\/#breadcrumb\",\"itemListElement\":[{\"@type\":\"ListItem\",\"position\":1,\"name\":\"Tafeldeko\",\"item\":\"https:\/\/www.tafeldeko.de\/news\/\"},{\"@type\":\"ListItem\",\"position\":2,\"name\":\"Alte Beitr\u00e4ge\",\"item\":\"https:\/\/www.tafeldeko.de\/news\/alte-beitraege\/\"},{\"@type\":\"ListItem\",\"position\":3,\"name\":\"Tischdeko - Blog\",\"item\":\"https:\/\/www.tafeldeko.de\/news\/alte-beitraege\/tischdeko-blog\/\"},{\"@type\":\"ListItem\",\"position\":4,\"name\":\"L\u00e4ndliche Tischdekoration f\u00fcr den Geburtstag\"}]},{\"@type\":\"WebSite\",\"@id\":\"https:\/\/www.tafeldeko.de\/news\/#website\",\"url\":\"https:\/\/www.tafeldeko.de\/news\/\",\"name\":\"Tafeldeko\",\"description\":\"Blog mit Tischdeko und Tischdekoration Ideen\",\"potentialAction\":[{\"@type\":\"SearchAction\",\"target\":{\"@type\":\"EntryPoint\",\"urlTemplate\":\"https:\/\/www.tafeldeko.de\/news\/?s={search_term_string}\"},\"query-input\":\"required name=search_term_string\"}],\"inLanguage\":\"de-DE\"},{\"@type\":\"Person\",\"@id\":\"https:\/\/www.tafeldeko.de\/news\/#\/schema\/person\/d2acd86447ed0b6336089a8ba83164a0\",\"name\":\"Christiane Stein\",\"image\":{\"@type\":\"ImageObject\",\"inLanguage\":\"de-DE\",\"@id\":\"https:\/\/www.tafeldeko.de\/news\/#\/schema\/person\/image\/\",\"url\":\"https:\/\/secure.gravatar.com\/avatar\/2054729fbfd1ebc9d3cf1fd55361d0b6?s=96&d=mm&r=g\",\"contentUrl\":\"https:\/\/secure.gravatar.com\/avatar\/2054729fbfd1ebc9d3cf1fd55361d0b6?s=96&d=mm&r=g\",\"caption\":\"Christiane Stein\"}}]}<\/script>\n<!-- \/ Yoast SEO plugin. -->","yoast_head_json":{"title":"L\u00e4ndliche Tischdekoration f\u00fcr den Geburtstag - Tafeldeko","description":"L&#xE4;ndliche Tischdeko f&#xFC;r den Geburtstag in lila und wei&#xDF; - ein toller Blickfang und mit Pastellt&#xF6;nen kombiniert, ein echtes Highlight.","robots":{"index":"index","follow":"follow","max-snippet":"max-snippet:-1","max-image-preview":"max-image-preview:large","max-video-preview":"max-video-preview:-1"},"canonical":"https:\/\/www.tafeldeko.de\/news\/laendliche-tischdekoration-fuer-den-geburtstag\/","og_locale":"de_DE","og_type":"article","og_title":"L\u00e4ndliche Tischdekoration f\u00fcr den Geburtstag - Tafeldeko","og_description":"L&#xE4;ndliche Tischdeko f&#xFC;r den Geburtstag in lila und wei&#xDF; - ein toller Blickfang und mit Pastellt&#xF6;nen kombiniert, ein echtes Highlight.","og_url":"https:\/\/www.tafeldeko.de\/news\/laendliche-tischdekoration-fuer-den-geburtstag\/","og_site_name":"Tafeldeko","article_publisher":"https:\/\/www.facebook.com\/pages\/Tafeldeko-einzigartige-Tischdekoration\/174202655894","article_published_time":"2012-08-07T18:44:52+00:00","og_image":[{"width":225,"height":225,"url":"https:\/\/www.tafeldeko.de\/news\/wp-content\/uploads\/2014\/09\/teelicht_antik_neu.JPG","type":"image\/jpeg"}],"author":"Christiane Stein","twitter_misc":{"Verfasst von":"Christiane Stein","Gesch\u00e4tzte Lesezeit":"2 Minuten"},"schema":{"@context":"https:\/\/schema.org","@graph":[{"@type":"WebPage","@id":"https:\/\/www.tafeldeko.de\/news\/laendliche-tischdekoration-fuer-den-geburtstag\/","url":"https:\/\/www.tafeldeko.de\/news\/laendliche-tischdekoration-fuer-den-geburtstag\/","name":"L\u00e4ndliche Tischdekoration f\u00fcr den Geburtstag - Tafeldeko","isPartOf":{"@id":"https:\/\/www.tafeldeko.de\/news\/#website"},"datePublished":"2012-08-07T18:44:52+00:00","dateModified":"2012-08-07T18:44:52+00:00","author":{"@id":"https:\/\/www.tafeldeko.de\/news\/#\/schema\/person\/d2acd86447ed0b6336089a8ba83164a0"},"description":"L&#xE4;ndliche Tischdeko f&#xFC;r den Geburtstag in lila und wei&#xDF; - ein toller Blickfang und mit Pastellt&#xF6;nen kombiniert, ein echtes Highlight.","breadcrumb":{"@id":"https:\/\/www.tafeldeko.de\/news\/laendliche-tischdekoration-fuer-den-geburtstag\/#breadcrumb"},"inLanguage":"de-DE","potentialAction":[{"@type":"ReadAction","target":["https:\/\/www.tafeldeko.de\/news\/laendliche-tischdekoration-fuer-den-geburtstag\/"]}]},{"@type":"BreadcrumbList","@id":"https:\/\/www.tafeldeko.de\/news\/laendliche-tischdekoration-fuer-den-geburtstag\/#breadcrumb","itemListElement":[{"@type":"ListItem","position":1,"name":"Tafeldeko","item":"https:\/\/www.tafeldeko.de\/news\/"},{"@type":"ListItem","position":2,"name":"Alte Beitr\u00e4ge","item":"https:\/\/www.tafeldeko.de\/news\/alte-beitraege\/"},{"@type":"ListItem","position":3,"name":"Tischdeko - Blog","item":"https:\/\/www.tafeldeko.de\/news\/alte-beitraege\/tischdeko-blog\/"},{"@type":"ListItem","position":4,"name":"L\u00e4ndliche Tischdekoration f\u00fcr den Geburtstag"}]},{"@type":"WebSite","@id":"https:\/\/www.tafeldeko.de\/news\/#website","url":"https:\/\/www.tafeldeko.de\/news\/","name":"Tafeldeko","description":"Blog mit Tischdeko und Tischdekoration Ideen","potentialAction":[{"@type":"SearchAction","target":{"@type":"EntryPoint","urlTemplate":"https:\/\/www.tafeldeko.de\/news\/?s={search_term_string}"},"query-input":"required name=search_term_string"}],"inLanguage":"de-DE"},{"@type":"Person","@id":"https:\/\/www.tafeldeko.de\/news\/#\/schema\/person\/d2acd86447ed0b6336089a8ba83164a0","name":"Christiane Stein","image":{"@type":"ImageObject","inLanguage":"de-DE","@id":"https:\/\/www.tafeldeko.de\/news\/#\/schema\/person\/image\/","url":"https:\/\/secure.gravatar.com\/avatar\/2054729fbfd1ebc9d3cf1fd55361d0b6?s=96&d=mm&r=g","contentUrl":"https:\/\/secure.gravatar.com\/avatar\/2054729fbfd1ebc9d3cf1fd55361d0b6?s=96&d=mm&r=g","caption":"Christiane Stein"}}]}},"_links":{"self":[{"href":"https:\/\/www.tafeldeko.de\/news\/wp-json\/wp\/v2\/posts\/1109"}],"collection":[{"href":"https:\/\/www.tafeldeko.de\/news\/wp-json\/wp\/v2\/posts"}],"about":[{"href":"https:\/\/www.tafeldeko.de\/news\/wp-json\/wp\/v2\/types\/post"}],"author":[{"embeddable":true,"href":"https:\/\/www.tafeldeko.de\/news\/wp-json\/wp\/v2\/users\/2"}],"replies":[{"embeddable":true,"href":"https:\/\/www.tafeldeko.de\/news\/wp-json\/wp\/v2\/comments?post=1109"}],"version-history":[{"count":0,"href":"https:\/\/www.tafeldeko.de\/news\/wp-json\/wp\/v2\/posts\/1109\/revisions"}],"wp:featuredmedia":[{"embeddable":true,"href":"https:\/\/www.tafeldeko.de\/news\/wp-json\/wp\/v2\/media\/1110"}],"wp:attachment":[{"href":"https:\/\/www.tafeldeko.de\/news\/wp-json\/wp\/v2\/media?parent=1109"}],"wp:term":[{"taxonomy":"category","embeddable":true,"href":"https:\/\/www.tafeldeko.de\/news\/wp-json\/wp\/v2\/categories?post=1109"},{"taxonomy":"post_tag","embeddable":true,"href":"https:\/\/www.tafeldeko.de\/news\/wp-json\/wp\/v2\/tags?post=1109"}],"curies":[{"name":"wp","href":"https:\/\/api.w.org\/{rel}","templated":true}]}}