{"id":1108,"date":"2012-07-31T21:56:48","date_gmt":"2012-07-31T19:56:48","guid":{"rendered":"http:\/\/www.tafeldeko.de\/news\/?p=1108"},"modified":"2023-07-12T08:25:58","modified_gmt":"2023-07-12T07:25:58","slug":"eine-tischdeko-zum-40-geburtstag-in-der-farbe-silber-warum-nicht","status":"publish","type":"post","link":"https:\/\/www.tafeldeko.de\/news\/eine-tischdeko-zum-40-geburtstag-in-der-farbe-silber-warum-nicht\/","title":{"rendered":"Tischdeko zum 40 Geburtstag in der Farbe Silber &#8211; warum nicht?"},"content":{"rendered":"<p>Mit einer sch\u00f6nen Tischdeko k\u00f6nnt ihr nichts falsch machen &#8211; ganz im Gegenteil.<br \/>Eine <b>originelle Tischdeko<\/b> stellt einen sch\u00f6n gedeckten Tisch dar, an den sich die G\u00e4ste gerne setzen werden. Au\u00dferdem sorgt eine passende Tischdekoration f\u00fcr ein perfektes Ambiente.<br \/>Ob eine verspielte, romantische, moderne oder ausgefallenene Deko, der Geschmack und Anlass entscheidet \u00fcber das Ergebnis.<br \/>Wenn ihr zum Beispiel eine <b>Tischdeko zum 40.Geburtstag<\/b> sucht, k\u00f6nnt ihr euch von den unterschiedlichsten Ideen inspirieren lassen. Tipps f\u00fcr Tisch &amp; Tafel findet ihr gewiss im Internet. Dort gibt es eine Vielfalt von Mustertischen, die ihr mit dem richtigen Feingef\u00fchl f\u00fcr die eigene Feierlichkeit umsetzen kann. <\/p>\n<p>\t\t\t\t\t\t\t\t\t\t\t\t\t<a href=\"https:\/\/www.tafeldeko.de\/tischdeko-elegance-silber\/\"><br \/>\n\t\t\t\t\t\t\t<img decoding=\"async\" width=\"768\" height=\"512\" src=\"https:\/\/www.tafeldeko.de\/news\/wp-content\/uploads\/2012\/07\/C2A9676-768x512.jpg\" alt=\"Tischdeko 40 Geburtstag\" loading=\"lazy\" srcset=\"https:\/\/www.tafeldeko.de\/news\/wp-content\/uploads\/2012\/07\/C2A9676-768x512.jpg 768w, https:\/\/www.tafeldeko.de\/news\/wp-content\/uploads\/2012\/07\/C2A9676-300x200.jpg 300w, https:\/\/www.tafeldeko.de\/news\/wp-content\/uploads\/2012\/07\/C2A9676-1024x683.jpg 1024w, https:\/\/www.tafeldeko.de\/news\/wp-content\/uploads\/2012\/07\/C2A9676-1536x1024.jpg 1536w, https:\/\/www.tafeldeko.de\/news\/wp-content\/uploads\/2012\/07\/C2A9676-2048x1365.jpg 2048w, https:\/\/www.tafeldeko.de\/news\/wp-content\/uploads\/2012\/07\/C2A9676-640x427.jpg 640w\" sizes=\"(max-width: 768px) 100vw, 768px\" \/>\t\t\t\t\t\t\t\t<\/a><\/p>\n<h2>Eleganz in silber<\/h2>\n<p>Steht der n\u00e4chste <b><a title=\"Geburtstag\" href=\"https:\/\/www.tafeldeko.de\/index.php\/cat\/c50_Tischdeko-Geburtstag.html\">Geburtstag<\/a><\/b> vor der T\u00fcr, solltet ihr euch um eine Tischdeko k\u00fcmmern. Sei es die Tischdeko f\u00fcr den 40.Geburtstag, den 60.Geburtstag oder f\u00fcr den 35. Geburtstag. Gleichg\u00fcltig, wie alt das Geburtstagskind wird, ihr k\u00f6nnt den Tisch sehr sch\u00f6n herrichten. Wer eine Tischdekoration in der Farbe Silber auf den Tisch zaubern m\u00f6chte, sieht hier eine sehr sch\u00f6n dekorierte Tafel.<br \/>Der Beispieltisch besteht aus folgenden<b> dekorativen Accessoires<\/b>:<\/p>\n<ul>\n<li>Tischl\u00e4ufer in Silber,<\/li>\n<li>Tischband in wei\u00df,<\/li>\n<li>Platzteller,<\/li>\n<li>Duni Leuchterkerzen mit passendem <b><a title=\"Kerzenst\u00e4nder\" href=\"https:\/\/www.tafeldeko.de\/index.php\/cat\/c532_Kerzenst%C3%A4nder.html\">Kerzenst\u00e4nder,<\/a><\/b><\/li>\n<li>Servietten,<\/li>\n<li>Gl\u00e4ser und<\/li>\n<li>einiges mehr.<\/li>\n<\/ul>\n<p>Wie viel Equipment ihr letztlich auf dem Tisch in Szene setzt, ist euch selbst \u00fcberlassen.<br \/>Wichtig ist, dass ihr mit dem Endergebnis zufrieden seid und die G\u00e4ste sich an einen sch\u00f6n gedeckten Tisch setzten k\u00f6nnen. Dann sollte einer unvergesslichen Fete kaum noch etwas im Wege stehen.<\/p>\n<p>\t\t\t<a href=\"https:\/\/www.tafeldeko.de\/tischdeko-geburtstag\/\"><br \/>\n\t\t\t\t\t\tZum Shop<br \/>\n\t\t\t\t\t<\/a><\/p>\n<h2>Weitere Beitr\u00e4ge:<\/h2>\n<h2>Geburtstagsdeko &#8211; So vielseitig wie die Geburtstagskinder<\/h2>\n<p>\t\t\t\t\t<a href=\"https:\/\/www.tafeldeko.de\/tischdeko-geburtstag\/\"><br \/>\n\t\t\t\t\t\tJetzt entdecken\t\t\t\t\t<\/a><\/p>\n","protected":false},"excerpt":{"rendered":"<p>Mit einer sch\u00f6nen Tischdeko kann man nichts falsch machen &#8211; ganz im Gegenteil.<br \/>\nEine originelle Tischdeko stellt einen sch\u00f6n gedeckten Tisch dar, an den sich die G\u00e4ste gerne setzen werden. Au\u00dferdem sorgt eine passende Tischdekoration f\u00fcr ein perfektes Ambiente bei.<br \/>\nOb eine verspielte, romantische, moderne oder ausgefallenene Deko, der Geschmack und Anlass entscheidet \u00fcber das Ergebnis.<br \/>\nWenn man zum Beispiel eine Tischdeko zum 40.Geburtstag sucht, kann sich von den unterschiedlichsten Ideen inspirieren lassen.<\/p>\n","protected":false},"author":2,"featured_media":10919,"comment_status":"open","ping_status":"open","sticky":false,"template":"","format":"standard","meta":{"footnotes":""},"categories":[531],"tags":[],"yoast_head":"<!-- This site is optimized with the Yoast SEO plugin v20.4 - https:\/\/yoast.com\/wordpress\/plugins\/seo\/ -->\n<title>Tischdeko zum 40 Geburtstag in der Farbe Silber - warum nicht? - Tafeldeko<\/title>\n<meta name=\"description\" content=\"Wer eine Tischdekoration zum 40 Geburtstag in der Farbe Silber zaubern m\u00f6chte, sieht hier eine sehr sch\u00f6n dekorierte Tafel....\" \/>\n<meta name=\"robots\" content=\"index, follow, max-snippet:-1, max-image-preview:large, max-video-preview:-1\" \/>\n<link rel=\"canonical\" href=\"https:\/\/www.tafeldeko.de\/news\/eine-tischdeko-zum-40-geburtstag-in-der-farbe-silber-warum-nicht\/\" \/>\n<meta property=\"og:locale\" content=\"de_DE\" \/>\n<meta property=\"og:type\" content=\"article\" \/>\n<meta property=\"og:title\" content=\"Tischdeko zum 40 Geburtstag in der Farbe Silber - warum nicht? - Tafeldeko\" \/>\n<meta property=\"og:description\" content=\"Wer eine Tischdekoration zum 40 Geburtstag in der Farbe Silber zaubern m\u00f6chte, sieht hier eine sehr sch\u00f6n dekorierte Tafel....\" \/>\n<meta property=\"og:url\" content=\"https:\/\/www.tafeldeko.de\/news\/eine-tischdeko-zum-40-geburtstag-in-der-farbe-silber-warum-nicht\/\" \/>\n<meta property=\"og:site_name\" content=\"Tafeldeko\" \/>\n<meta property=\"article:publisher\" content=\"https:\/\/www.facebook.com\/pages\/Tafeldeko-einzigartige-Tischdekoration\/174202655894\" \/>\n<meta property=\"article:published_time\" content=\"2012-07-31T19:56:48+00:00\" \/>\n<meta property=\"article:modified_time\" content=\"2023-07-12T07:25:58+00:00\" \/>\n<meta property=\"og:image\" content=\"https:\/\/www.tafeldeko.de\/news\/wp-content\/uploads\/2012\/07\/C2A9676-scaled.jpg\" \/>\n\t<meta property=\"og:image:width\" content=\"2560\" \/>\n\t<meta property=\"og:image:height\" content=\"1707\" \/>\n\t<meta property=\"og:image:type\" content=\"image\/jpeg\" \/>\n<meta name=\"author\" content=\"Christiane Stein\" \/>\n<meta name=\"twitter:label1\" content=\"Verfasst von\" \/>\n\t<meta name=\"twitter:data1\" content=\"Christiane Stein\" \/>\n\t<meta name=\"twitter:label2\" content=\"Gesch\u00e4tzte Lesezeit\" \/>\n\t<meta name=\"twitter:data2\" content=\"3 Minuten\" \/>\n<script type=\"application\/ld+json\" class=\"yoast-schema-graph\">{\"@context\":\"https:\/\/schema.org\",\"@graph\":[{\"@type\":\"WebPage\",\"@id\":\"https:\/\/www.tafeldeko.de\/news\/eine-tischdeko-zum-40-geburtstag-in-der-farbe-silber-warum-nicht\/\",\"url\":\"https:\/\/www.tafeldeko.de\/news\/eine-tischdeko-zum-40-geburtstag-in-der-farbe-silber-warum-nicht\/\",\"name\":\"Tischdeko zum 40 Geburtstag in der Farbe Silber - warum nicht? - Tafeldeko\",\"isPartOf\":{\"@id\":\"https:\/\/www.tafeldeko.de\/news\/#website\"},\"datePublished\":\"2012-07-31T19:56:48+00:00\",\"dateModified\":\"2023-07-12T07:25:58+00:00\",\"author\":{\"@id\":\"https:\/\/www.tafeldeko.de\/news\/#\/schema\/person\/d2acd86447ed0b6336089a8ba83164a0\"},\"description\":\"Wer eine Tischdekoration zum 40 Geburtstag in der Farbe Silber zaubern m\u00f6chte, sieht hier eine sehr sch\u00f6n dekorierte Tafel....\",\"breadcrumb\":{\"@id\":\"https:\/\/www.tafeldeko.de\/news\/eine-tischdeko-zum-40-geburtstag-in-der-farbe-silber-warum-nicht\/#breadcrumb\"},\"inLanguage\":\"de-DE\",\"potentialAction\":[{\"@type\":\"ReadAction\",\"target\":[\"https:\/\/www.tafeldeko.de\/news\/eine-tischdeko-zum-40-geburtstag-in-der-farbe-silber-warum-nicht\/\"]}]},{\"@type\":\"BreadcrumbList\",\"@id\":\"https:\/\/www.tafeldeko.de\/news\/eine-tischdeko-zum-40-geburtstag-in-der-farbe-silber-warum-nicht\/#breadcrumb\",\"itemListElement\":[{\"@type\":\"ListItem\",\"position\":1,\"name\":\"Tafeldeko\",\"item\":\"https:\/\/www.tafeldeko.de\/news\/\"},{\"@type\":\"ListItem\",\"position\":2,\"name\":\"Anl\u00e4sse\",\"item\":\"https:\/\/www.tafeldeko.de\/news\/anlaesse\/\"},{\"@type\":\"ListItem\",\"position\":3,\"name\":\"Geburtstag\",\"item\":\"https:\/\/www.tafeldeko.de\/news\/geburtstag\/\"},{\"@type\":\"ListItem\",\"position\":4,\"name\":\"Runder Geburtstag\",\"item\":\"https:\/\/www.tafeldeko.de\/news\/runder-geburtstag\/\"},{\"@type\":\"ListItem\",\"position\":5,\"name\":\"Tischdeko zum 40 Geburtstag in der Farbe Silber &#8211; warum nicht?\"}]},{\"@type\":\"WebSite\",\"@id\":\"https:\/\/www.tafeldeko.de\/news\/#website\",\"url\":\"https:\/\/www.tafeldeko.de\/news\/\",\"name\":\"Tafeldeko\",\"description\":\"Blog mit Tischdeko und Tischdekoration Ideen\",\"potentialAction\":[{\"@type\":\"SearchAction\",\"target\":{\"@type\":\"EntryPoint\",\"urlTemplate\":\"https:\/\/www.tafeldeko.de\/news\/?s={search_term_string}\"},\"query-input\":\"required name=search_term_string\"}],\"inLanguage\":\"de-DE\"},{\"@type\":\"Person\",\"@id\":\"https:\/\/www.tafeldeko.de\/news\/#\/schema\/person\/d2acd86447ed0b6336089a8ba83164a0\",\"name\":\"Christiane Stein\",\"image\":{\"@type\":\"ImageObject\",\"inLanguage\":\"de-DE\",\"@id\":\"https:\/\/www.tafeldeko.de\/news\/#\/schema\/person\/image\/\",\"url\":\"https:\/\/secure.gravatar.com\/avatar\/2054729fbfd1ebc9d3cf1fd55361d0b6?s=96&d=mm&r=g\",\"contentUrl\":\"https:\/\/secure.gravatar.com\/avatar\/2054729fbfd1ebc9d3cf1fd55361d0b6?s=96&d=mm&r=g\",\"caption\":\"Christiane Stein\"}}]}<\/script>\n<!-- \/ Yoast SEO plugin. -->","yoast_head_json":{"title":"Tischdeko zum 40 Geburtstag in der Farbe Silber - warum nicht? - Tafeldeko","description":"Wer eine Tischdekoration zum 40 Geburtstag in der Farbe Silber zaubern m\u00f6chte, sieht hier eine sehr sch\u00f6n dekorierte Tafel....","robots":{"index":"index","follow":"follow","max-snippet":"max-snippet:-1","max-image-preview":"max-image-preview:large","max-video-preview":"max-video-preview:-1"},"canonical":"https:\/\/www.tafeldeko.de\/news\/eine-tischdeko-zum-40-geburtstag-in-der-farbe-silber-warum-nicht\/","og_locale":"de_DE","og_type":"article","og_title":"Tischdeko zum 40 Geburtstag in der Farbe Silber - warum nicht? - Tafeldeko","og_description":"Wer eine Tischdekoration zum 40 Geburtstag in der Farbe Silber zaubern m\u00f6chte, sieht hier eine sehr sch\u00f6n dekorierte Tafel....","og_url":"https:\/\/www.tafeldeko.de\/news\/eine-tischdeko-zum-40-geburtstag-in-der-farbe-silber-warum-nicht\/","og_site_name":"Tafeldeko","article_publisher":"https:\/\/www.facebook.com\/pages\/Tafeldeko-einzigartige-Tischdekoration\/174202655894","article_published_time":"2012-07-31T19:56:48+00:00","article_modified_time":"2023-07-12T07:25:58+00:00","og_image":[{"width":2560,"height":1707,"url":"https:\/\/www.tafeldeko.de\/news\/wp-content\/uploads\/2012\/07\/C2A9676-scaled.jpg","type":"image\/jpeg"}],"author":"Christiane Stein","twitter_misc":{"Verfasst von":"Christiane Stein","Gesch\u00e4tzte Lesezeit":"3 Minuten"},"schema":{"@context":"https:\/\/schema.org","@graph":[{"@type":"WebPage","@id":"https:\/\/www.tafeldeko.de\/news\/eine-tischdeko-zum-40-geburtstag-in-der-farbe-silber-warum-nicht\/","url":"https:\/\/www.tafeldeko.de\/news\/eine-tischdeko-zum-40-geburtstag-in-der-farbe-silber-warum-nicht\/","name":"Tischdeko zum 40 Geburtstag in der Farbe Silber - warum nicht? - Tafeldeko","isPartOf":{"@id":"https:\/\/www.tafeldeko.de\/news\/#website"},"datePublished":"2012-07-31T19:56:48+00:00","dateModified":"2023-07-12T07:25:58+00:00","author":{"@id":"https:\/\/www.tafeldeko.de\/news\/#\/schema\/person\/d2acd86447ed0b6336089a8ba83164a0"},"description":"Wer eine Tischdekoration zum 40 Geburtstag in der Farbe Silber zaubern m\u00f6chte, sieht hier eine sehr sch\u00f6n dekorierte Tafel....","breadcrumb":{"@id":"https:\/\/www.tafeldeko.de\/news\/eine-tischdeko-zum-40-geburtstag-in-der-farbe-silber-warum-nicht\/#breadcrumb"},"inLanguage":"de-DE","potentialAction":[{"@type":"ReadAction","target":["https:\/\/www.tafeldeko.de\/news\/eine-tischdeko-zum-40-geburtstag-in-der-farbe-silber-warum-nicht\/"]}]},{"@type":"BreadcrumbList","@id":"https:\/\/www.tafeldeko.de\/news\/eine-tischdeko-zum-40-geburtstag-in-der-farbe-silber-warum-nicht\/#breadcrumb","itemListElement":[{"@type":"ListItem","position":1,"name":"Tafeldeko","item":"https:\/\/www.tafeldeko.de\/news\/"},{"@type":"ListItem","position":2,"name":"Anl\u00e4sse","item":"https:\/\/www.tafeldeko.de\/news\/anlaesse\/"},{"@type":"ListItem","position":3,"name":"Geburtstag","item":"https:\/\/www.tafeldeko.de\/news\/geburtstag\/"},{"@type":"ListItem","position":4,"name":"Runder Geburtstag","item":"https:\/\/www.tafeldeko.de\/news\/runder-geburtstag\/"},{"@type":"ListItem","position":5,"name":"Tischdeko zum 40 Geburtstag in der Farbe Silber &#8211; warum nicht?"}]},{"@type":"WebSite","@id":"https:\/\/www.tafeldeko.de\/news\/#website","url":"https:\/\/www.tafeldeko.de\/news\/","name":"Tafeldeko","description":"Blog mit Tischdeko und Tischdekoration Ideen","potentialAction":[{"@type":"SearchAction","target":{"@type":"EntryPoint","urlTemplate":"https:\/\/www.tafeldeko.de\/news\/?s={search_term_string}"},"query-input":"required name=search_term_string"}],"inLanguage":"de-DE"},{"@type":"Person","@id":"https:\/\/www.tafeldeko.de\/news\/#\/schema\/person\/d2acd86447ed0b6336089a8ba83164a0","name":"Christiane Stein","image":{"@type":"ImageObject","inLanguage":"de-DE","@id":"https:\/\/www.tafeldeko.de\/news\/#\/schema\/person\/image\/","url":"https:\/\/secure.gravatar.com\/avatar\/2054729fbfd1ebc9d3cf1fd55361d0b6?s=96&d=mm&r=g","contentUrl":"https:\/\/secure.gravatar.com\/avatar\/2054729fbfd1ebc9d3cf1fd55361d0b6?s=96&d=mm&r=g","caption":"Christiane Stein"}}]}},"_links":{"self":[{"href":"https:\/\/www.tafeldeko.de\/news\/wp-json\/wp\/v2\/posts\/1108"}],"collection":[{"href":"https:\/\/www.tafeldeko.de\/news\/wp-json\/wp\/v2\/posts"}],"about":[{"href":"https:\/\/www.tafeldeko.de\/news\/wp-json\/wp\/v2\/types\/post"}],"author":[{"embeddable":true,"href":"https:\/\/www.tafeldeko.de\/news\/wp-json\/wp\/v2\/users\/2"}],"replies":[{"embeddable":true,"href":"https:\/\/www.tafeldeko.de\/news\/wp-json\/wp\/v2\/comments?post=1108"}],"version-history":[{"count":9,"href":"https:\/\/www.tafeldeko.de\/news\/wp-json\/wp\/v2\/posts\/1108\/revisions"}],"predecessor-version":[{"id":25128,"href":"https:\/\/www.tafeldeko.de\/news\/wp-json\/wp\/v2\/posts\/1108\/revisions\/25128"}],"wp:featuredmedia":[{"embeddable":true,"href":"https:\/\/www.tafeldeko.de\/news\/wp-json\/wp\/v2\/media\/10919"}],"wp:attachment":[{"href":"https:\/\/www.tafeldeko.de\/news\/wp-json\/wp\/v2\/media?parent=1108"}],"wp:term":[{"taxonomy":"category","embeddable":true,"href":"https:\/\/www.tafeldeko.de\/news\/wp-json\/wp\/v2\/categories?post=1108"},{"taxonomy":"post_tag","embeddable":true,"href":"https:\/\/www.tafeldeko.de\/news\/wp-json\/wp\/v2\/tags?post=1108"}],"curies":[{"name":"wp","href":"https:\/\/api.w.org\/{rel}","templated":true}]}}