{"id":1097,"date":"2012-06-18T20:58:55","date_gmt":"2012-06-18T18:58:55","guid":{"rendered":"http:\/\/www.tafeldeko.de\/news\/?p=1097"},"modified":"2012-06-18T20:58:55","modified_gmt":"2012-06-18T18:58:55","slug":"stehtischdekoration-so-schoen-koennen-sie-stehtische-praesentieren","status":"publish","type":"post","link":"https:\/\/www.tafeldeko.de\/news\/stehtischdekoration-so-schoen-koennen-sie-stehtische-praesentieren\/","title":{"rendered":"Stehtischdekoration \u2013 so sch\u00f6n k\u00f6nnen Sie Stehtische pr\u00e4sentieren"},"content":{"rendered":"<div class=\"textumfliessenrechts\"><img decoding=\"async\" loading=\"lazy\" src=\"https:\/\/www.tafeldeko.de\/news\/media\/users\/schnurchristian\/husse_bordeaux.jpg\" alt=\"Stehtisch-Husse bordeaux\" title=\"Stehtisch-Husse bordeaux\" width=\"250\" height=\"250\"\/><br \/><a href=\"https:\/\/www.tafeldeko.de\/product_info.php\/products_id\/8235_Stretch-Husse-f-r-Stehtische-in-bordeaux.html\" title=\"Tischdeko f\u00fcr Stehtische\"><b>Tischdeko f\u00fcr Stehtische<\/b><\/a><\/div>\n<p> <b>Stehtische <\/b>\u2013 es gibt sie in verschiedenen Ausf\u00fchrungen, Formen, Farben und Materialien. Gibt es einen Anlass zum Feiern, sind Stehtische immer wieder beliebt. Nicht nur bei den j\u00fcngeren Generationen kommen Stehtische gut an, auch die \u00e4lteren Semester sind von Stehtischen angetan. Man steht in lockerer Runde, kann sich bewegen und irgendwie ist alles lockerer. Zudem bietet ein Stehtisch Platz f\u00fcr viele G\u00e4ste, zum gem\u00fctlichen Plausch muss man nicht immer sitzen.<br \/>\nBei einem Sektempfang sind die Stehtische auch sehr beliebt. Runde Geburtstage, Hochzeiten und Betriebsfeiern beginnen oftmals mit einem <b>Sektempfang<\/b>, mitunter um die Wartezeit, bis alle G\u00e4ste eingetroffen sind, zu \u00fcberbr\u00fccken.<br \/>\nDamit die Stehtische ins gesamte Ambiente einer Feier passen, werden diese entsprechend dekoriert. Farblich und auch in Punkto Deko werden sie in der Regel auf die \u00fcbrige Tischdeko angepasst.<br \/>\nDoch wie w\u00e4re es mit ganz <b>au\u00dfergew\u00f6hnlich dekorierten Stehtischen<\/b>, die sozusagen einen Blickfang bei der Feier bilden?<br \/>\nStehtisch-Hussen sind tolle Accessoires, um unsch\u00f6nen oder eben auch langweilig aussehenden Stehtischen das gewisse Etwas zu verleihen. Die Stehtisch-Husse in Bordeaux z\u00e4hlt ebenfalls zu diesen Accessoires \u2013 und durch die kr\u00e4ftige Farbe ein optisches Highlight. Vielleicht erscheint diese Farbe f\u00fcr viele etwas gewagt, doch als Blickfang und besonderer Empfang der G\u00e4ste auf jeden Fall etwas Anderes.<br \/>\nFrische Blumenstr\u00e4u\u00dfchen in Vasen oder Bl\u00fcten als kleine schwimmende Objekte in einer Glasschale in Kombination mit <b><a href=\"https:\/\/www.tafeldeko.de\/index.php\/cat\/c534_Schwimmkerzen.html\" title=\"Schwimmkerzen\">Schwimmkerzen<\/a><\/b> bieten eine sch\u00f6ne Basis f\u00fcr die Tischdeko f\u00fcr Stehtische.<br \/>\nKleine Streudekoteile passen ebenfalls sehr sch\u00f6n zu der Tischdeko f\u00fcr Stehtische, da sie das Aussehen etwas auflockern.<br \/>\nMut zur Farbe und zur au\u00dfergew\u00f6hnlichen <b><a href=\"https:\/\/tafeldeko.de\" title=\"Tischdekoration\">Tischdekoration<\/a><\/b> von Stehtischen kann nicht schlecht sein, denn jede Deko untermalt eine Feier und sorgt f\u00fcr das gewisse Ambiente. Und warum soll dies nicht einmal <b>ausgefallen und extravagant<\/b> sein?<\/p>\n","protected":false},"excerpt":{"rendered":"<p>Stehtische \u2013 es gibt sie in verschiedenen Ausf\u00fchrungen, Formen, Farben und Materialien. Gibt es einen Anlass zum Feiern, sind Stehtische immer wieder beliebt. Nicht nur bei den j\u00fcngeren Generationen kommen Stehtische gut an, auch die \u00e4lteren Semester sind von Stehtischen angetan. Man steht in lockerer Runde, kann sich bewegen und irgendwie ist alles lockerer. Zudem bietet ein Stehtisch Platz f\u00fcr viele G\u00e4ste, zum gem\u00fctlichen Plausch muss man nicht immer sitzen.<br \/>\nBei einem Sektempfang sind die Stehtische auch sehr beliebt. Runde Geburtstage, Hochzeiten und Betriebsfeiern beginnen oftmals mit einem Sektempfang, mitunter um die Wartezeit, bis alle G\u00e4ste eingetroffen sind, zu \u00fcberbr\u00fccken.<\/p>\n","protected":false},"author":2,"featured_media":1098,"comment_status":"open","ping_status":"open","sticky":false,"template":"","format":"standard","meta":{"footnotes":""},"categories":[1],"tags":[],"yoast_head":"<!-- This site is optimized with the Yoast SEO plugin v20.4 - https:\/\/yoast.com\/wordpress\/plugins\/seo\/ -->\n<title>Stehtischdekoration \u2013 so sch\u00f6n k\u00f6nnen Sie Stehtische pr\u00e4sentieren - Tafeldeko<\/title>\n<meta name=\"description\" content=\"Damit die Stehtische ins gesamte Ambiente einer Feier passen, werden diese entsprechend dekoriert - passend zur Tischdeko.\" \/>\n<meta name=\"robots\" content=\"index, follow, max-snippet:-1, max-image-preview:large, max-video-preview:-1\" \/>\n<link rel=\"canonical\" href=\"https:\/\/www.tafeldeko.de\/news\/stehtischdekoration-so-schoen-koennen-sie-stehtische-praesentieren\/\" \/>\n<meta property=\"og:locale\" content=\"de_DE\" \/>\n<meta property=\"og:type\" content=\"article\" \/>\n<meta property=\"og:title\" content=\"Stehtischdekoration \u2013 so sch\u00f6n k\u00f6nnen Sie Stehtische pr\u00e4sentieren - Tafeldeko\" \/>\n<meta property=\"og:description\" content=\"Damit die Stehtische ins gesamte Ambiente einer Feier passen, werden diese entsprechend dekoriert - passend zur Tischdeko.\" \/>\n<meta property=\"og:url\" content=\"https:\/\/www.tafeldeko.de\/news\/stehtischdekoration-so-schoen-koennen-sie-stehtische-praesentieren\/\" \/>\n<meta property=\"og:site_name\" content=\"Tafeldeko\" \/>\n<meta property=\"article:publisher\" content=\"https:\/\/www.facebook.com\/pages\/Tafeldeko-einzigartige-Tischdekoration\/174202655894\" \/>\n<meta property=\"article:published_time\" content=\"2012-06-18T18:58:55+00:00\" \/>\n<meta property=\"og:image\" content=\"https:\/\/www.tafeldeko.de\/news\/wp-content\/uploads\/2014\/09\/husse_bordeaux.jpg\" \/>\n\t<meta property=\"og:image:width\" content=\"250\" \/>\n\t<meta property=\"og:image:height\" content=\"250\" \/>\n\t<meta property=\"og:image:type\" content=\"image\/jpeg\" \/>\n<meta name=\"author\" content=\"Christiane Stein\" \/>\n<meta name=\"twitter:label1\" content=\"Verfasst von\" \/>\n\t<meta name=\"twitter:data1\" content=\"Christiane Stein\" \/>\n\t<meta name=\"twitter:label2\" content=\"Gesch\u00e4tzte Lesezeit\" \/>\n\t<meta name=\"twitter:data2\" content=\"2 Minuten\" \/>\n<script type=\"application\/ld+json\" class=\"yoast-schema-graph\">{\"@context\":\"https:\/\/schema.org\",\"@graph\":[{\"@type\":\"WebPage\",\"@id\":\"https:\/\/www.tafeldeko.de\/news\/stehtischdekoration-so-schoen-koennen-sie-stehtische-praesentieren\/\",\"url\":\"https:\/\/www.tafeldeko.de\/news\/stehtischdekoration-so-schoen-koennen-sie-stehtische-praesentieren\/\",\"name\":\"Stehtischdekoration \u2013 so sch\u00f6n k\u00f6nnen Sie Stehtische pr\u00e4sentieren - Tafeldeko\",\"isPartOf\":{\"@id\":\"https:\/\/www.tafeldeko.de\/news\/#website\"},\"datePublished\":\"2012-06-18T18:58:55+00:00\",\"dateModified\":\"2012-06-18T18:58:55+00:00\",\"author\":{\"@id\":\"https:\/\/www.tafeldeko.de\/news\/#\/schema\/person\/d2acd86447ed0b6336089a8ba83164a0\"},\"description\":\"Damit die Stehtische ins gesamte Ambiente einer Feier passen, werden diese entsprechend dekoriert - passend zur Tischdeko.\",\"breadcrumb\":{\"@id\":\"https:\/\/www.tafeldeko.de\/news\/stehtischdekoration-so-schoen-koennen-sie-stehtische-praesentieren\/#breadcrumb\"},\"inLanguage\":\"de-DE\",\"potentialAction\":[{\"@type\":\"ReadAction\",\"target\":[\"https:\/\/www.tafeldeko.de\/news\/stehtischdekoration-so-schoen-koennen-sie-stehtische-praesentieren\/\"]}]},{\"@type\":\"BreadcrumbList\",\"@id\":\"https:\/\/www.tafeldeko.de\/news\/stehtischdekoration-so-schoen-koennen-sie-stehtische-praesentieren\/#breadcrumb\",\"itemListElement\":[{\"@type\":\"ListItem\",\"position\":1,\"name\":\"Tafeldeko\",\"item\":\"https:\/\/www.tafeldeko.de\/news\/\"},{\"@type\":\"ListItem\",\"position\":2,\"name\":\"Alte Beitr\u00e4ge\",\"item\":\"https:\/\/www.tafeldeko.de\/news\/alte-beitraege\/\"},{\"@type\":\"ListItem\",\"position\":3,\"name\":\"Tischdeko - Blog\",\"item\":\"https:\/\/www.tafeldeko.de\/news\/alte-beitraege\/tischdeko-blog\/\"},{\"@type\":\"ListItem\",\"position\":4,\"name\":\"Stehtischdekoration \u2013 so sch\u00f6n k\u00f6nnen Sie Stehtische pr\u00e4sentieren\"}]},{\"@type\":\"WebSite\",\"@id\":\"https:\/\/www.tafeldeko.de\/news\/#website\",\"url\":\"https:\/\/www.tafeldeko.de\/news\/\",\"name\":\"Tafeldeko\",\"description\":\"Blog mit Tischdeko und Tischdekoration Ideen\",\"potentialAction\":[{\"@type\":\"SearchAction\",\"target\":{\"@type\":\"EntryPoint\",\"urlTemplate\":\"https:\/\/www.tafeldeko.de\/news\/?s={search_term_string}\"},\"query-input\":\"required name=search_term_string\"}],\"inLanguage\":\"de-DE\"},{\"@type\":\"Person\",\"@id\":\"https:\/\/www.tafeldeko.de\/news\/#\/schema\/person\/d2acd86447ed0b6336089a8ba83164a0\",\"name\":\"Christiane Stein\",\"image\":{\"@type\":\"ImageObject\",\"inLanguage\":\"de-DE\",\"@id\":\"https:\/\/www.tafeldeko.de\/news\/#\/schema\/person\/image\/\",\"url\":\"https:\/\/secure.gravatar.com\/avatar\/2054729fbfd1ebc9d3cf1fd55361d0b6?s=96&d=mm&r=g\",\"contentUrl\":\"https:\/\/secure.gravatar.com\/avatar\/2054729fbfd1ebc9d3cf1fd55361d0b6?s=96&d=mm&r=g\",\"caption\":\"Christiane Stein\"}}]}<\/script>\n<!-- \/ Yoast SEO plugin. -->","yoast_head_json":{"title":"Stehtischdekoration \u2013 so sch\u00f6n k\u00f6nnen Sie Stehtische pr\u00e4sentieren - Tafeldeko","description":"Damit die Stehtische ins gesamte Ambiente einer Feier passen, werden diese entsprechend dekoriert - passend zur Tischdeko.","robots":{"index":"index","follow":"follow","max-snippet":"max-snippet:-1","max-image-preview":"max-image-preview:large","max-video-preview":"max-video-preview:-1"},"canonical":"https:\/\/www.tafeldeko.de\/news\/stehtischdekoration-so-schoen-koennen-sie-stehtische-praesentieren\/","og_locale":"de_DE","og_type":"article","og_title":"Stehtischdekoration \u2013 so sch\u00f6n k\u00f6nnen Sie Stehtische pr\u00e4sentieren - Tafeldeko","og_description":"Damit die Stehtische ins gesamte Ambiente einer Feier passen, werden diese entsprechend dekoriert - passend zur Tischdeko.","og_url":"https:\/\/www.tafeldeko.de\/news\/stehtischdekoration-so-schoen-koennen-sie-stehtische-praesentieren\/","og_site_name":"Tafeldeko","article_publisher":"https:\/\/www.facebook.com\/pages\/Tafeldeko-einzigartige-Tischdekoration\/174202655894","article_published_time":"2012-06-18T18:58:55+00:00","og_image":[{"width":250,"height":250,"url":"https:\/\/www.tafeldeko.de\/news\/wp-content\/uploads\/2014\/09\/husse_bordeaux.jpg","type":"image\/jpeg"}],"author":"Christiane Stein","twitter_misc":{"Verfasst von":"Christiane Stein","Gesch\u00e4tzte Lesezeit":"2 Minuten"},"schema":{"@context":"https:\/\/schema.org","@graph":[{"@type":"WebPage","@id":"https:\/\/www.tafeldeko.de\/news\/stehtischdekoration-so-schoen-koennen-sie-stehtische-praesentieren\/","url":"https:\/\/www.tafeldeko.de\/news\/stehtischdekoration-so-schoen-koennen-sie-stehtische-praesentieren\/","name":"Stehtischdekoration \u2013 so sch\u00f6n k\u00f6nnen Sie Stehtische pr\u00e4sentieren - Tafeldeko","isPartOf":{"@id":"https:\/\/www.tafeldeko.de\/news\/#website"},"datePublished":"2012-06-18T18:58:55+00:00","dateModified":"2012-06-18T18:58:55+00:00","author":{"@id":"https:\/\/www.tafeldeko.de\/news\/#\/schema\/person\/d2acd86447ed0b6336089a8ba83164a0"},"description":"Damit die Stehtische ins gesamte Ambiente einer Feier passen, werden diese entsprechend dekoriert - passend zur Tischdeko.","breadcrumb":{"@id":"https:\/\/www.tafeldeko.de\/news\/stehtischdekoration-so-schoen-koennen-sie-stehtische-praesentieren\/#breadcrumb"},"inLanguage":"de-DE","potentialAction":[{"@type":"ReadAction","target":["https:\/\/www.tafeldeko.de\/news\/stehtischdekoration-so-schoen-koennen-sie-stehtische-praesentieren\/"]}]},{"@type":"BreadcrumbList","@id":"https:\/\/www.tafeldeko.de\/news\/stehtischdekoration-so-schoen-koennen-sie-stehtische-praesentieren\/#breadcrumb","itemListElement":[{"@type":"ListItem","position":1,"name":"Tafeldeko","item":"https:\/\/www.tafeldeko.de\/news\/"},{"@type":"ListItem","position":2,"name":"Alte Beitr\u00e4ge","item":"https:\/\/www.tafeldeko.de\/news\/alte-beitraege\/"},{"@type":"ListItem","position":3,"name":"Tischdeko - Blog","item":"https:\/\/www.tafeldeko.de\/news\/alte-beitraege\/tischdeko-blog\/"},{"@type":"ListItem","position":4,"name":"Stehtischdekoration \u2013 so sch\u00f6n k\u00f6nnen Sie Stehtische pr\u00e4sentieren"}]},{"@type":"WebSite","@id":"https:\/\/www.tafeldeko.de\/news\/#website","url":"https:\/\/www.tafeldeko.de\/news\/","name":"Tafeldeko","description":"Blog mit Tischdeko und Tischdekoration Ideen","potentialAction":[{"@type":"SearchAction","target":{"@type":"EntryPoint","urlTemplate":"https:\/\/www.tafeldeko.de\/news\/?s={search_term_string}"},"query-input":"required name=search_term_string"}],"inLanguage":"de-DE"},{"@type":"Person","@id":"https:\/\/www.tafeldeko.de\/news\/#\/schema\/person\/d2acd86447ed0b6336089a8ba83164a0","name":"Christiane Stein","image":{"@type":"ImageObject","inLanguage":"de-DE","@id":"https:\/\/www.tafeldeko.de\/news\/#\/schema\/person\/image\/","url":"https:\/\/secure.gravatar.com\/avatar\/2054729fbfd1ebc9d3cf1fd55361d0b6?s=96&d=mm&r=g","contentUrl":"https:\/\/secure.gravatar.com\/avatar\/2054729fbfd1ebc9d3cf1fd55361d0b6?s=96&d=mm&r=g","caption":"Christiane Stein"}}]}},"_links":{"self":[{"href":"https:\/\/www.tafeldeko.de\/news\/wp-json\/wp\/v2\/posts\/1097"}],"collection":[{"href":"https:\/\/www.tafeldeko.de\/news\/wp-json\/wp\/v2\/posts"}],"about":[{"href":"https:\/\/www.tafeldeko.de\/news\/wp-json\/wp\/v2\/types\/post"}],"author":[{"embeddable":true,"href":"https:\/\/www.tafeldeko.de\/news\/wp-json\/wp\/v2\/users\/2"}],"replies":[{"embeddable":true,"href":"https:\/\/www.tafeldeko.de\/news\/wp-json\/wp\/v2\/comments?post=1097"}],"version-history":[{"count":0,"href":"https:\/\/www.tafeldeko.de\/news\/wp-json\/wp\/v2\/posts\/1097\/revisions"}],"wp:featuredmedia":[{"embeddable":true,"href":"https:\/\/www.tafeldeko.de\/news\/wp-json\/wp\/v2\/media\/1098"}],"wp:attachment":[{"href":"https:\/\/www.tafeldeko.de\/news\/wp-json\/wp\/v2\/media?parent=1097"}],"wp:term":[{"taxonomy":"category","embeddable":true,"href":"https:\/\/www.tafeldeko.de\/news\/wp-json\/wp\/v2\/categories?post=1097"},{"taxonomy":"post_tag","embeddable":true,"href":"https:\/\/www.tafeldeko.de\/news\/wp-json\/wp\/v2\/tags?post=1097"}],"curies":[{"name":"wp","href":"https:\/\/api.w.org\/{rel}","templated":true}]}}