{"id":1091,"date":"2012-06-06T15:42:37","date_gmt":"2012-06-06T13:42:37","guid":{"rendered":"http:\/\/www.tafeldeko.de\/news\/?p=1091"},"modified":"2012-06-06T15:42:37","modified_gmt":"2012-06-06T13:42:37","slug":"interessante-tischdeko-in-schwarz-und-weiss-kombiniert-mit-tollen-farbeffekten","status":"publish","type":"post","link":"https:\/\/www.tafeldeko.de\/news\/interessante-tischdeko-in-schwarz-und-weiss-kombiniert-mit-tollen-farbeffekten\/","title":{"rendered":"Interessante Tischdeko in schwarz und wei\u00df \u2013 kombiniert mit tollen Farbeffekten"},"content":{"rendered":"<div class=\"textumfliessenrechts\"><img decoding=\"async\" loading=\"lazy\" src=\"https:\/\/www.tafeldeko.de\/news\/media\/users\/schnurchristian\/duni_tischlaeufer_deko.jpg\" alt=\"schwarz-wei\u00dfe Tischdeko\" title=\"schwarz-wei\u00dfe Tischdeko\" width=\"181\" height=\"181\"\/><br \/><a href=\"https:\/\/www.tafeldeko.de\/product_info.php\/products_id\/1477_24-Meter-Duni-Tischl-ufer-in-22-Farben.html\" title=\"schwarz-wei\u00dfe Tischdeko\"><b>schwarz-wei\u00dfe Tischdeko<\/b><\/a><\/div>\n<p> Tischdekorationen \u2013 es gibt so viele Varianten, doch steht man vor der Entscheidung, eine Tischdekoration auszustatten, ist das oftmals gar keine so einfache Sache.<br \/>\nFragen wie: \u201eIn welcher Farbe soll sich die Tischdeko pr\u00e4sentieren?\u201c oder<br \/>\n\u201eMit welchen Accessoires kann ich innerhalb der Tischdeko punkten?\u201c oder auch<br \/>\n\u201eWie kann ich eine ganz bezaubernde und nicht allt\u00e4gliche Tischdekoration kreieren?\u201c<br \/>\nAuf der Suche nach Ideen nutzen viele unter uns das World Wide Web. Diverse <b>Mustertische und Dekorationsideen<\/b> pr\u00e4sentieren sich auf den verschiedensten Seiten und Shops wie Tafeldeko zeigen nicht nur Mustertische, sondern man kann die Artikel dazu, auch direkt im Shop bestellen.<br \/>\nBei einer Feier werden die Tische in aller Regel mit Papiertischdecken ausgestattet, Stofftischdecken werden nur noch selten aus dem Schrank geholt, um eine Tafel einzudecken.<br \/>\nDas Sch\u00f6ne an den Papiertischdecken ist die Vielfalt der Farben. Ganz gleich, in welcher Farbe man die Tischdeko ausstattet, es gibt eine farblich passende Tischdecke.<br \/>\nEntscheidet man sich f\u00fcr eine<b> schwarz-wei\u00dfe Tischdeko<\/b>, gibt es <b><a href=\"https:\/\/www.tafeldeko.de\/index.php\/cat\/c86_Duni-Tischdecken.html\" title=\"Tischdecken\">Tischdecken<\/a><\/b>, Tischl\u00e4ufer, Mitteldecken und farbige Accessoires, die die Tischdeko zu einem Augenschmaus machen. Die Duni Tischl\u00e4ufer in schwarz bieten sch\u00f6ne M\u00f6glichkeiten, die Tische bei einer Feier in Szene zu setzen.<br \/>\nDie schwarz-wei\u00dfe Tischdeko kommt vor allen Dingen gut an, wenn die Tische schwarz oder wei\u00df sind \u2013 die ideale Basis f\u00fcr diese Art der Tischdeko.<br \/>\nBei wei\u00dfen Tischen werden schwarze Tischl\u00e4ufer aufgelegt, bei schwarzen Tischen wei\u00dfe \u2013 so entsteht bereits der erste schwarz-wei\u00df-Effekt.<br \/>\nDie <b><a href=\"https:\/\/www.tafeldeko.de\/index.php\/cat\/c728_Tischl%C3%A4ufer.html\" title=\"Tischl\u00e4ufer\">Tischl\u00e4ufer<\/a> <\/b>k\u00f6nnen l\u00e4ngs oder auch quer auf die Tische gelegt werden. Und wer etwas Farbe in diese schwarz-wei\u00dfe Tischdeko einbringen m\u00f6chte, legt etwas versetzt einen gelben Tischl\u00e4ufer unter den schwarzen.<br \/>\nUm die Kontraste von schwarz und wei\u00df weiterzuf\u00fchren, sollten die Deko-Accessoires im Wechsel angeordnet werden. Das hei\u00dft, auf einen schwarzen Tischl\u00e4ufer werden wei\u00dfe Teller und auf einen wei\u00dfen Tischl\u00e4ufer schwarze Teller gestellt. Wei\u00dfe oder schwarze Schalen, best\u00fcckt mit Kerzen in der anderen Farbe, setzen innerhalb der Tischmitte die <b>Akzente<\/b>. <\/p>\n","protected":false},"excerpt":{"rendered":"<p>Tischdekorationen \u2013 es gibt so viele Varianten, doch steht man vor der Entscheidung, eine Tischdekoration auszustatten, ist das oftmals gar keine so einfache Sache.<br \/>\nFragen wie: \u201eIn welcher Farbe soll sich die Tischdeko pr\u00e4sentieren?\u201c oder<br \/>\n\u201eMit welchen Accessoires kann ich innerhalb der Tischdeko punkten?\u201c oder auch<br \/>\n\u201eWie kann ich eine ganz bezaubernde und nicht allt\u00e4gliche Tischdekoration kreieren?\u201c<br \/>\nAuf der Suche nach Ideen nutzen viele unter uns das World Wide Web. Diverse Mustertische und Dekorationsideen pr\u00e4sentieren sich auf den verschiedensten Seiten und Shops wie Tafeldeko zeigen nicht nur Mustertische, sondern man kann die Artikel dazu, auch direkt im Shop bestellen.<\/p>\n","protected":false},"author":2,"featured_media":1092,"comment_status":"open","ping_status":"open","sticky":false,"template":"","format":"standard","meta":{"footnotes":""},"categories":[1],"tags":[],"yoast_head":"<!-- This site is optimized with the Yoast SEO plugin v20.4 - https:\/\/yoast.com\/wordpress\/plugins\/seo\/ -->\n<title>Interessante Tischdeko in schwarz und wei\u00df \u2013 kombiniert mit tollen Farbeffekten - Tafeldeko<\/title>\n<meta name=\"description\" content=\"Wei&#xDF;e oder schwarze Schalen, best&#xFC;ckt mit Kerzen in der anderen Farbe, setzen innerhalb der Tischdeko die tollen Akzente.\" \/>\n<meta name=\"robots\" content=\"index, follow, max-snippet:-1, max-image-preview:large, max-video-preview:-1\" \/>\n<link rel=\"canonical\" href=\"https:\/\/www.tafeldeko.de\/news\/interessante-tischdeko-in-schwarz-und-weiss-kombiniert-mit-tollen-farbeffekten\/\" \/>\n<meta property=\"og:locale\" content=\"de_DE\" \/>\n<meta property=\"og:type\" content=\"article\" \/>\n<meta property=\"og:title\" content=\"Interessante Tischdeko in schwarz und wei\u00df \u2013 kombiniert mit tollen Farbeffekten - Tafeldeko\" \/>\n<meta property=\"og:description\" content=\"Wei&#xDF;e oder schwarze Schalen, best&#xFC;ckt mit Kerzen in der anderen Farbe, setzen innerhalb der Tischdeko die tollen Akzente.\" \/>\n<meta property=\"og:url\" content=\"https:\/\/www.tafeldeko.de\/news\/interessante-tischdeko-in-schwarz-und-weiss-kombiniert-mit-tollen-farbeffekten\/\" \/>\n<meta property=\"og:site_name\" content=\"Tafeldeko\" \/>\n<meta property=\"article:publisher\" content=\"https:\/\/www.facebook.com\/pages\/Tafeldeko-einzigartige-Tischdekoration\/174202655894\" \/>\n<meta property=\"article:published_time\" content=\"2012-06-06T13:42:37+00:00\" \/>\n<meta property=\"og:image\" content=\"https:\/\/www.tafeldeko.de\/news\/wp-content\/uploads\/2014\/09\/duni_tischlaeufer_deko.jpg\" \/>\n\t<meta property=\"og:image:width\" content=\"181\" \/>\n\t<meta property=\"og:image:height\" content=\"181\" \/>\n\t<meta property=\"og:image:type\" content=\"image\/jpeg\" \/>\n<meta name=\"author\" content=\"Christiane Stein\" \/>\n<meta name=\"twitter:label1\" content=\"Verfasst von\" \/>\n\t<meta name=\"twitter:data1\" content=\"Christiane Stein\" \/>\n\t<meta name=\"twitter:label2\" content=\"Gesch\u00e4tzte Lesezeit\" \/>\n\t<meta name=\"twitter:data2\" content=\"2 Minuten\" \/>\n<script type=\"application\/ld+json\" class=\"yoast-schema-graph\">{\"@context\":\"https:\/\/schema.org\",\"@graph\":[{\"@type\":\"WebPage\",\"@id\":\"https:\/\/www.tafeldeko.de\/news\/interessante-tischdeko-in-schwarz-und-weiss-kombiniert-mit-tollen-farbeffekten\/\",\"url\":\"https:\/\/www.tafeldeko.de\/news\/interessante-tischdeko-in-schwarz-und-weiss-kombiniert-mit-tollen-farbeffekten\/\",\"name\":\"Interessante Tischdeko in schwarz und wei\u00df \u2013 kombiniert mit tollen Farbeffekten - Tafeldeko\",\"isPartOf\":{\"@id\":\"https:\/\/www.tafeldeko.de\/news\/#website\"},\"datePublished\":\"2012-06-06T13:42:37+00:00\",\"dateModified\":\"2012-06-06T13:42:37+00:00\",\"author\":{\"@id\":\"https:\/\/www.tafeldeko.de\/news\/#\/schema\/person\/d2acd86447ed0b6336089a8ba83164a0\"},\"description\":\"Wei&#xDF;e oder schwarze Schalen, best&#xFC;ckt mit Kerzen in der anderen Farbe, setzen innerhalb der Tischdeko die tollen Akzente.\",\"breadcrumb\":{\"@id\":\"https:\/\/www.tafeldeko.de\/news\/interessante-tischdeko-in-schwarz-und-weiss-kombiniert-mit-tollen-farbeffekten\/#breadcrumb\"},\"inLanguage\":\"de-DE\",\"potentialAction\":[{\"@type\":\"ReadAction\",\"target\":[\"https:\/\/www.tafeldeko.de\/news\/interessante-tischdeko-in-schwarz-und-weiss-kombiniert-mit-tollen-farbeffekten\/\"]}]},{\"@type\":\"BreadcrumbList\",\"@id\":\"https:\/\/www.tafeldeko.de\/news\/interessante-tischdeko-in-schwarz-und-weiss-kombiniert-mit-tollen-farbeffekten\/#breadcrumb\",\"itemListElement\":[{\"@type\":\"ListItem\",\"position\":1,\"name\":\"Tafeldeko\",\"item\":\"https:\/\/www.tafeldeko.de\/news\/\"},{\"@type\":\"ListItem\",\"position\":2,\"name\":\"Alte Beitr\u00e4ge\",\"item\":\"https:\/\/www.tafeldeko.de\/news\/alte-beitraege\/\"},{\"@type\":\"ListItem\",\"position\":3,\"name\":\"Tischdeko - Blog\",\"item\":\"https:\/\/www.tafeldeko.de\/news\/alte-beitraege\/tischdeko-blog\/\"},{\"@type\":\"ListItem\",\"position\":4,\"name\":\"Interessante Tischdeko in schwarz und wei\u00df \u2013 kombiniert mit tollen Farbeffekten\"}]},{\"@type\":\"WebSite\",\"@id\":\"https:\/\/www.tafeldeko.de\/news\/#website\",\"url\":\"https:\/\/www.tafeldeko.de\/news\/\",\"name\":\"Tafeldeko\",\"description\":\"Blog mit Tischdeko und Tischdekoration Ideen\",\"potentialAction\":[{\"@type\":\"SearchAction\",\"target\":{\"@type\":\"EntryPoint\",\"urlTemplate\":\"https:\/\/www.tafeldeko.de\/news\/?s={search_term_string}\"},\"query-input\":\"required name=search_term_string\"}],\"inLanguage\":\"de-DE\"},{\"@type\":\"Person\",\"@id\":\"https:\/\/www.tafeldeko.de\/news\/#\/schema\/person\/d2acd86447ed0b6336089a8ba83164a0\",\"name\":\"Christiane Stein\",\"image\":{\"@type\":\"ImageObject\",\"inLanguage\":\"de-DE\",\"@id\":\"https:\/\/www.tafeldeko.de\/news\/#\/schema\/person\/image\/\",\"url\":\"https:\/\/secure.gravatar.com\/avatar\/2054729fbfd1ebc9d3cf1fd55361d0b6?s=96&d=mm&r=g\",\"contentUrl\":\"https:\/\/secure.gravatar.com\/avatar\/2054729fbfd1ebc9d3cf1fd55361d0b6?s=96&d=mm&r=g\",\"caption\":\"Christiane Stein\"}}]}<\/script>\n<!-- \/ Yoast SEO plugin. -->","yoast_head_json":{"title":"Interessante Tischdeko in schwarz und wei\u00df \u2013 kombiniert mit tollen Farbeffekten - Tafeldeko","description":"Wei&#xDF;e oder schwarze Schalen, best&#xFC;ckt mit Kerzen in der anderen Farbe, setzen innerhalb der Tischdeko die tollen Akzente.","robots":{"index":"index","follow":"follow","max-snippet":"max-snippet:-1","max-image-preview":"max-image-preview:large","max-video-preview":"max-video-preview:-1"},"canonical":"https:\/\/www.tafeldeko.de\/news\/interessante-tischdeko-in-schwarz-und-weiss-kombiniert-mit-tollen-farbeffekten\/","og_locale":"de_DE","og_type":"article","og_title":"Interessante Tischdeko in schwarz und wei\u00df \u2013 kombiniert mit tollen Farbeffekten - Tafeldeko","og_description":"Wei&#xDF;e oder schwarze Schalen, best&#xFC;ckt mit Kerzen in der anderen Farbe, setzen innerhalb der Tischdeko die tollen Akzente.","og_url":"https:\/\/www.tafeldeko.de\/news\/interessante-tischdeko-in-schwarz-und-weiss-kombiniert-mit-tollen-farbeffekten\/","og_site_name":"Tafeldeko","article_publisher":"https:\/\/www.facebook.com\/pages\/Tafeldeko-einzigartige-Tischdekoration\/174202655894","article_published_time":"2012-06-06T13:42:37+00:00","og_image":[{"width":181,"height":181,"url":"https:\/\/www.tafeldeko.de\/news\/wp-content\/uploads\/2014\/09\/duni_tischlaeufer_deko.jpg","type":"image\/jpeg"}],"author":"Christiane Stein","twitter_misc":{"Verfasst von":"Christiane Stein","Gesch\u00e4tzte Lesezeit":"2 Minuten"},"schema":{"@context":"https:\/\/schema.org","@graph":[{"@type":"WebPage","@id":"https:\/\/www.tafeldeko.de\/news\/interessante-tischdeko-in-schwarz-und-weiss-kombiniert-mit-tollen-farbeffekten\/","url":"https:\/\/www.tafeldeko.de\/news\/interessante-tischdeko-in-schwarz-und-weiss-kombiniert-mit-tollen-farbeffekten\/","name":"Interessante Tischdeko in schwarz und wei\u00df \u2013 kombiniert mit tollen Farbeffekten - Tafeldeko","isPartOf":{"@id":"https:\/\/www.tafeldeko.de\/news\/#website"},"datePublished":"2012-06-06T13:42:37+00:00","dateModified":"2012-06-06T13:42:37+00:00","author":{"@id":"https:\/\/www.tafeldeko.de\/news\/#\/schema\/person\/d2acd86447ed0b6336089a8ba83164a0"},"description":"Wei&#xDF;e oder schwarze Schalen, best&#xFC;ckt mit Kerzen in der anderen Farbe, setzen innerhalb der Tischdeko die tollen Akzente.","breadcrumb":{"@id":"https:\/\/www.tafeldeko.de\/news\/interessante-tischdeko-in-schwarz-und-weiss-kombiniert-mit-tollen-farbeffekten\/#breadcrumb"},"inLanguage":"de-DE","potentialAction":[{"@type":"ReadAction","target":["https:\/\/www.tafeldeko.de\/news\/interessante-tischdeko-in-schwarz-und-weiss-kombiniert-mit-tollen-farbeffekten\/"]}]},{"@type":"BreadcrumbList","@id":"https:\/\/www.tafeldeko.de\/news\/interessante-tischdeko-in-schwarz-und-weiss-kombiniert-mit-tollen-farbeffekten\/#breadcrumb","itemListElement":[{"@type":"ListItem","position":1,"name":"Tafeldeko","item":"https:\/\/www.tafeldeko.de\/news\/"},{"@type":"ListItem","position":2,"name":"Alte Beitr\u00e4ge","item":"https:\/\/www.tafeldeko.de\/news\/alte-beitraege\/"},{"@type":"ListItem","position":3,"name":"Tischdeko - Blog","item":"https:\/\/www.tafeldeko.de\/news\/alte-beitraege\/tischdeko-blog\/"},{"@type":"ListItem","position":4,"name":"Interessante Tischdeko in schwarz und wei\u00df \u2013 kombiniert mit tollen Farbeffekten"}]},{"@type":"WebSite","@id":"https:\/\/www.tafeldeko.de\/news\/#website","url":"https:\/\/www.tafeldeko.de\/news\/","name":"Tafeldeko","description":"Blog mit Tischdeko und Tischdekoration Ideen","potentialAction":[{"@type":"SearchAction","target":{"@type":"EntryPoint","urlTemplate":"https:\/\/www.tafeldeko.de\/news\/?s={search_term_string}"},"query-input":"required name=search_term_string"}],"inLanguage":"de-DE"},{"@type":"Person","@id":"https:\/\/www.tafeldeko.de\/news\/#\/schema\/person\/d2acd86447ed0b6336089a8ba83164a0","name":"Christiane Stein","image":{"@type":"ImageObject","inLanguage":"de-DE","@id":"https:\/\/www.tafeldeko.de\/news\/#\/schema\/person\/image\/","url":"https:\/\/secure.gravatar.com\/avatar\/2054729fbfd1ebc9d3cf1fd55361d0b6?s=96&d=mm&r=g","contentUrl":"https:\/\/secure.gravatar.com\/avatar\/2054729fbfd1ebc9d3cf1fd55361d0b6?s=96&d=mm&r=g","caption":"Christiane Stein"}}]}},"_links":{"self":[{"href":"https:\/\/www.tafeldeko.de\/news\/wp-json\/wp\/v2\/posts\/1091"}],"collection":[{"href":"https:\/\/www.tafeldeko.de\/news\/wp-json\/wp\/v2\/posts"}],"about":[{"href":"https:\/\/www.tafeldeko.de\/news\/wp-json\/wp\/v2\/types\/post"}],"author":[{"embeddable":true,"href":"https:\/\/www.tafeldeko.de\/news\/wp-json\/wp\/v2\/users\/2"}],"replies":[{"embeddable":true,"href":"https:\/\/www.tafeldeko.de\/news\/wp-json\/wp\/v2\/comments?post=1091"}],"version-history":[{"count":0,"href":"https:\/\/www.tafeldeko.de\/news\/wp-json\/wp\/v2\/posts\/1091\/revisions"}],"wp:featuredmedia":[{"embeddable":true,"href":"https:\/\/www.tafeldeko.de\/news\/wp-json\/wp\/v2\/media\/1092"}],"wp:attachment":[{"href":"https:\/\/www.tafeldeko.de\/news\/wp-json\/wp\/v2\/media?parent=1091"}],"wp:term":[{"taxonomy":"category","embeddable":true,"href":"https:\/\/www.tafeldeko.de\/news\/wp-json\/wp\/v2\/categories?post=1091"},{"taxonomy":"post_tag","embeddable":true,"href":"https:\/\/www.tafeldeko.de\/news\/wp-json\/wp\/v2\/tags?post=1091"}],"curies":[{"name":"wp","href":"https:\/\/api.w.org\/{rel}","templated":true}]}}