{"id":1086,"date":"2012-05-25T18:28:14","date_gmt":"2012-05-25T16:28:14","guid":{"rendered":"http:\/\/www.tafeldeko.de\/news\/?p=1086"},"modified":"2012-05-25T18:28:14","modified_gmt":"2012-05-25T16:28:14","slug":"bayrischer-abend-und-die-tischdeko","status":"publish","type":"post","link":"https:\/\/www.tafeldeko.de\/news\/bayrischer-abend-und-die-tischdeko\/","title":{"rendered":"Bayrischer Abend und die Tischdeko"},"content":{"rendered":"<div class=\"textumfliessenrechts\"><img decoding=\"async\" loading=\"lazy\" src=\"https:\/\/www.tafeldeko.de\/news\/media\/users\/schnurchristian\/bayrische_brotzeit.jpg\" alt=\"Bayrische Servietten\" title=\"Bayrische Servietten\" width=\"190\" height=\"190\" \/><br \/><a href=\"https:\/\/www.tafeldeko.de\/product_info.php\/products_id\/5660_20er-Pack-Servietten-Bayrische-Brotzeit-33-x-33-cm.html\" title=\"Tischdeko bayrischer Abend\"><b>Tischdeko bayrischer Abend<\/b><\/a><\/div>\n<p> Ein Abend im bayrisch dekorierten Stil kommt f\u00fcr viele Anl\u00e4sse in Frage. Geburtstage, Firmenfeiern, Jubil\u00e4en oder sonstige feierliche Anl\u00e4sse k\u00f6nnen nach dem Motto \u201eBayrischer Abend\u201c gestaltet werden.<br \/>\nDer Vorteil einer solchen Mottoparty ist der, dass man den G\u00e4sten ein Rundum-Paket pr\u00e4sentieren kann. Das hei\u00dft, von der Einladungskarte zu dieser Feier, \u00fcber das servierte Essen und die Getr\u00e4nke, \u00fcber die passende Tischdekoration bis hin zu den Dankeskarten f\u00fcr die G\u00e4ste.<br \/>\nDurch die Wahl eines speziellen Mottos k\u00f6nnen alle Komponenten, die f\u00fcr eine Feier von Belang sind, aufeinander abgestimmt werden, den G\u00e4sten pr\u00e4sentiert sich ein tolles Gesamtbild. Und durch dieses Pr\u00e4sentieren bleibt eine solche Feier nat\u00fcrlich auch in Erinnerung.<br \/>\nBei einer Feierlichkeit stellt sich in der Regel auch die Frage nach der Tischdekoration. Man m\u00f6chte den G\u00e4sten ansprechend gestaltete und dekorierte Tische bieten und deshalb wird die Tischdekoration in der Planung ber\u00fccksichtigt.<br \/>\nF\u00fcr einen bayrischen Abend bietet sich die Tischdekoration nat\u00fcrlich in den Landesfarben Bayerns an. Blau-wei\u00df \u2013 an diese Farbkombination denkt man, wenn man an Bayern denkt. Und in diesen Farben, jedoch mit einem <b>edlen Hauch<\/b>, pr\u00e4sentiert sich die Tischdekoration.<br \/>\nDiesen edlen Hauch erh\u00e4lt die <b>bayrische Tischdeko<\/b> durch die Servietten mit dem Motiv Bayrische Brotzeit.<br \/>\nDiese Servietten machen Appetit, sie sehen wundersch\u00f6n aus \u2013 weil sie nicht so allt\u00e4glich gestaltet sind. Zwar zeigen sie auch die bayrischen Rauten, doch als dezentes Muster im Hintergrund, wobei eine <b>bayrische Brotzeit<\/b> das Hauptthema dieser Servietten darstellt.<br \/>\nAls Basis eine wei\u00dfe <b><a href=\"https:\/\/www.tafeldeko.de\/index.php\/cat\/c86_Duni-Tischdecken.html\" title=\"Tischdecke\">Tischdecke<\/a><\/b>, dazu die Servietten in Kombination mit wei\u00dfen Tellern \u2013 eine dezente bayrische Tischdeko, die mit weiteren bayrischen Accessoires stilvoll in Szene gesetzt werden kann.<br \/>\nKleine Holzherzen, Kerzenhalter aus rustikalem Holz und allerlei Bayrisches sind die idealen Accessoires f\u00fcr diese sch\u00f6ne <b><a href=\"https:\/\/www.tafeldeko.de\" title=\"Tischdekoration\">Tischdekoration<\/a><\/b>.<br \/>\nJetzt m\u00fcssen nur noch das Essen und die Getr\u00e4nke passend ausgew\u00e4hlt, die Feier mit typischer, bayrischer Musik untermalt werden und dann steht einer ansprechenden und z\u00fcnftigen Feier nichts mehr im Wege.<\/p>\n","protected":false},"excerpt":{"rendered":"<p>Ein Abend im bayrisch dekorierten Stil kommt f\u00fcr viele Anl\u00e4sse in Frage. Geburtstage, Firmenfeiern, Jubil\u00e4en oder sonstige feierliche Anl\u00e4sse k\u00f6nnen nach dem Motto \u201eBayrischer Abend\u201c gestaltet werden.<br \/>\nDer Vorteil einer solchen Mottoparty ist der, dass man den G\u00e4sten ein Rundum-Paket pr\u00e4sentieren kann. Das hei\u00dft, von der Einladungskarte zu dieser Feier, \u00fcber das servierte Essen und die Getr\u00e4nke, \u00fcber die passende Tischdekoration bis hin zu den Dankeskarten f\u00fcr die G\u00e4ste.<br \/>\nDurch die Wahl eines speziellen Mottos k\u00f6nnen alle Komponenten, die f\u00fcr eine Feier von Belang sind, aufeinander abgestimmt werden, den G\u00e4sten pr\u00e4sentiert sich ein tolles Gesamtbild. Und durch dieses Pr\u00e4sentieren bleibt eine solche Feier nat\u00fcrlich auch in Erinnerung.<\/p>\n","protected":false},"author":2,"featured_media":766,"comment_status":"open","ping_status":"open","sticky":false,"template":"","format":"standard","meta":{"footnotes":""},"categories":[1],"tags":[],"yoast_head":"<!-- This site is optimized with the Yoast SEO plugin v20.4 - https:\/\/yoast.com\/wordpress\/plugins\/seo\/ -->\n<title>Bayrischer Abend und die Tischdeko - Tafeldeko<\/title>\n<meta name=\"description\" content=\"Kleine Holzherzen, Kerzenhalter aus rustikalem Holz und allerlei Bayrisches sind die idealen Accessoires f&#xFC;r diese sch&#xF6;ne Tischdekoration.\" \/>\n<meta name=\"robots\" content=\"index, follow, max-snippet:-1, max-image-preview:large, max-video-preview:-1\" \/>\n<link rel=\"canonical\" href=\"https:\/\/www.tafeldeko.de\/news\/bayrischer-abend-und-die-tischdeko\/\" \/>\n<meta property=\"og:locale\" content=\"de_DE\" \/>\n<meta property=\"og:type\" content=\"article\" \/>\n<meta property=\"og:title\" content=\"Bayrischer Abend und die Tischdeko - Tafeldeko\" \/>\n<meta property=\"og:description\" content=\"Kleine Holzherzen, Kerzenhalter aus rustikalem Holz und allerlei Bayrisches sind die idealen Accessoires f&#xFC;r diese sch&#xF6;ne Tischdekoration.\" \/>\n<meta property=\"og:url\" content=\"https:\/\/www.tafeldeko.de\/news\/bayrischer-abend-und-die-tischdeko\/\" \/>\n<meta property=\"og:site_name\" content=\"Tafeldeko\" \/>\n<meta property=\"article:publisher\" content=\"https:\/\/www.facebook.com\/pages\/Tafeldeko-einzigartige-Tischdekoration\/174202655894\" \/>\n<meta property=\"article:published_time\" content=\"2012-05-25T16:28:14+00:00\" \/>\n<meta property=\"og:image\" content=\"https:\/\/www.tafeldeko.de\/news\/wp-content\/uploads\/2014\/09\/bayrische_brotzeit.jpg\" \/>\n\t<meta property=\"og:image:width\" content=\"190\" \/>\n\t<meta property=\"og:image:height\" content=\"190\" \/>\n\t<meta property=\"og:image:type\" content=\"image\/jpeg\" \/>\n<meta name=\"author\" content=\"Christiane Stein\" \/>\n<meta name=\"twitter:label1\" content=\"Verfasst von\" \/>\n\t<meta name=\"twitter:data1\" content=\"Christiane Stein\" \/>\n\t<meta name=\"twitter:label2\" content=\"Gesch\u00e4tzte Lesezeit\" \/>\n\t<meta name=\"twitter:data2\" content=\"2 Minuten\" \/>\n<script type=\"application\/ld+json\" class=\"yoast-schema-graph\">{\"@context\":\"https:\/\/schema.org\",\"@graph\":[{\"@type\":\"WebPage\",\"@id\":\"https:\/\/www.tafeldeko.de\/news\/bayrischer-abend-und-die-tischdeko\/\",\"url\":\"https:\/\/www.tafeldeko.de\/news\/bayrischer-abend-und-die-tischdeko\/\",\"name\":\"Bayrischer Abend und die Tischdeko - Tafeldeko\",\"isPartOf\":{\"@id\":\"https:\/\/www.tafeldeko.de\/news\/#website\"},\"datePublished\":\"2012-05-25T16:28:14+00:00\",\"dateModified\":\"2012-05-25T16:28:14+00:00\",\"author\":{\"@id\":\"https:\/\/www.tafeldeko.de\/news\/#\/schema\/person\/d2acd86447ed0b6336089a8ba83164a0\"},\"description\":\"Kleine Holzherzen, Kerzenhalter aus rustikalem Holz und allerlei Bayrisches sind die idealen Accessoires f&#xFC;r diese sch&#xF6;ne Tischdekoration.\",\"breadcrumb\":{\"@id\":\"https:\/\/www.tafeldeko.de\/news\/bayrischer-abend-und-die-tischdeko\/#breadcrumb\"},\"inLanguage\":\"de-DE\",\"potentialAction\":[{\"@type\":\"ReadAction\",\"target\":[\"https:\/\/www.tafeldeko.de\/news\/bayrischer-abend-und-die-tischdeko\/\"]}]},{\"@type\":\"BreadcrumbList\",\"@id\":\"https:\/\/www.tafeldeko.de\/news\/bayrischer-abend-und-die-tischdeko\/#breadcrumb\",\"itemListElement\":[{\"@type\":\"ListItem\",\"position\":1,\"name\":\"Tafeldeko\",\"item\":\"https:\/\/www.tafeldeko.de\/news\/\"},{\"@type\":\"ListItem\",\"position\":2,\"name\":\"Alte Beitr\u00e4ge\",\"item\":\"https:\/\/www.tafeldeko.de\/news\/alte-beitraege\/\"},{\"@type\":\"ListItem\",\"position\":3,\"name\":\"Tischdeko - Blog\",\"item\":\"https:\/\/www.tafeldeko.de\/news\/alte-beitraege\/tischdeko-blog\/\"},{\"@type\":\"ListItem\",\"position\":4,\"name\":\"Bayrischer Abend und die Tischdeko\"}]},{\"@type\":\"WebSite\",\"@id\":\"https:\/\/www.tafeldeko.de\/news\/#website\",\"url\":\"https:\/\/www.tafeldeko.de\/news\/\",\"name\":\"Tafeldeko\",\"description\":\"Blog mit Tischdeko und Tischdekoration Ideen\",\"potentialAction\":[{\"@type\":\"SearchAction\",\"target\":{\"@type\":\"EntryPoint\",\"urlTemplate\":\"https:\/\/www.tafeldeko.de\/news\/?s={search_term_string}\"},\"query-input\":\"required name=search_term_string\"}],\"inLanguage\":\"de-DE\"},{\"@type\":\"Person\",\"@id\":\"https:\/\/www.tafeldeko.de\/news\/#\/schema\/person\/d2acd86447ed0b6336089a8ba83164a0\",\"name\":\"Christiane Stein\",\"image\":{\"@type\":\"ImageObject\",\"inLanguage\":\"de-DE\",\"@id\":\"https:\/\/www.tafeldeko.de\/news\/#\/schema\/person\/image\/\",\"url\":\"https:\/\/secure.gravatar.com\/avatar\/2054729fbfd1ebc9d3cf1fd55361d0b6?s=96&d=mm&r=g\",\"contentUrl\":\"https:\/\/secure.gravatar.com\/avatar\/2054729fbfd1ebc9d3cf1fd55361d0b6?s=96&d=mm&r=g\",\"caption\":\"Christiane Stein\"}}]}<\/script>\n<!-- \/ Yoast SEO plugin. -->","yoast_head_json":{"title":"Bayrischer Abend und die Tischdeko - Tafeldeko","description":"Kleine Holzherzen, Kerzenhalter aus rustikalem Holz und allerlei Bayrisches sind die idealen Accessoires f&#xFC;r diese sch&#xF6;ne Tischdekoration.","robots":{"index":"index","follow":"follow","max-snippet":"max-snippet:-1","max-image-preview":"max-image-preview:large","max-video-preview":"max-video-preview:-1"},"canonical":"https:\/\/www.tafeldeko.de\/news\/bayrischer-abend-und-die-tischdeko\/","og_locale":"de_DE","og_type":"article","og_title":"Bayrischer Abend und die Tischdeko - Tafeldeko","og_description":"Kleine Holzherzen, Kerzenhalter aus rustikalem Holz und allerlei Bayrisches sind die idealen Accessoires f&#xFC;r diese sch&#xF6;ne Tischdekoration.","og_url":"https:\/\/www.tafeldeko.de\/news\/bayrischer-abend-und-die-tischdeko\/","og_site_name":"Tafeldeko","article_publisher":"https:\/\/www.facebook.com\/pages\/Tafeldeko-einzigartige-Tischdekoration\/174202655894","article_published_time":"2012-05-25T16:28:14+00:00","og_image":[{"width":190,"height":190,"url":"https:\/\/www.tafeldeko.de\/news\/wp-content\/uploads\/2014\/09\/bayrische_brotzeit.jpg","type":"image\/jpeg"}],"author":"Christiane Stein","twitter_misc":{"Verfasst von":"Christiane Stein","Gesch\u00e4tzte Lesezeit":"2 Minuten"},"schema":{"@context":"https:\/\/schema.org","@graph":[{"@type":"WebPage","@id":"https:\/\/www.tafeldeko.de\/news\/bayrischer-abend-und-die-tischdeko\/","url":"https:\/\/www.tafeldeko.de\/news\/bayrischer-abend-und-die-tischdeko\/","name":"Bayrischer Abend und die Tischdeko - Tafeldeko","isPartOf":{"@id":"https:\/\/www.tafeldeko.de\/news\/#website"},"datePublished":"2012-05-25T16:28:14+00:00","dateModified":"2012-05-25T16:28:14+00:00","author":{"@id":"https:\/\/www.tafeldeko.de\/news\/#\/schema\/person\/d2acd86447ed0b6336089a8ba83164a0"},"description":"Kleine Holzherzen, Kerzenhalter aus rustikalem Holz und allerlei Bayrisches sind die idealen Accessoires f&#xFC;r diese sch&#xF6;ne Tischdekoration.","breadcrumb":{"@id":"https:\/\/www.tafeldeko.de\/news\/bayrischer-abend-und-die-tischdeko\/#breadcrumb"},"inLanguage":"de-DE","potentialAction":[{"@type":"ReadAction","target":["https:\/\/www.tafeldeko.de\/news\/bayrischer-abend-und-die-tischdeko\/"]}]},{"@type":"BreadcrumbList","@id":"https:\/\/www.tafeldeko.de\/news\/bayrischer-abend-und-die-tischdeko\/#breadcrumb","itemListElement":[{"@type":"ListItem","position":1,"name":"Tafeldeko","item":"https:\/\/www.tafeldeko.de\/news\/"},{"@type":"ListItem","position":2,"name":"Alte Beitr\u00e4ge","item":"https:\/\/www.tafeldeko.de\/news\/alte-beitraege\/"},{"@type":"ListItem","position":3,"name":"Tischdeko - Blog","item":"https:\/\/www.tafeldeko.de\/news\/alte-beitraege\/tischdeko-blog\/"},{"@type":"ListItem","position":4,"name":"Bayrischer Abend und die Tischdeko"}]},{"@type":"WebSite","@id":"https:\/\/www.tafeldeko.de\/news\/#website","url":"https:\/\/www.tafeldeko.de\/news\/","name":"Tafeldeko","description":"Blog mit Tischdeko und Tischdekoration Ideen","potentialAction":[{"@type":"SearchAction","target":{"@type":"EntryPoint","urlTemplate":"https:\/\/www.tafeldeko.de\/news\/?s={search_term_string}"},"query-input":"required name=search_term_string"}],"inLanguage":"de-DE"},{"@type":"Person","@id":"https:\/\/www.tafeldeko.de\/news\/#\/schema\/person\/d2acd86447ed0b6336089a8ba83164a0","name":"Christiane Stein","image":{"@type":"ImageObject","inLanguage":"de-DE","@id":"https:\/\/www.tafeldeko.de\/news\/#\/schema\/person\/image\/","url":"https:\/\/secure.gravatar.com\/avatar\/2054729fbfd1ebc9d3cf1fd55361d0b6?s=96&d=mm&r=g","contentUrl":"https:\/\/secure.gravatar.com\/avatar\/2054729fbfd1ebc9d3cf1fd55361d0b6?s=96&d=mm&r=g","caption":"Christiane Stein"}}]}},"_links":{"self":[{"href":"https:\/\/www.tafeldeko.de\/news\/wp-json\/wp\/v2\/posts\/1086"}],"collection":[{"href":"https:\/\/www.tafeldeko.de\/news\/wp-json\/wp\/v2\/posts"}],"about":[{"href":"https:\/\/www.tafeldeko.de\/news\/wp-json\/wp\/v2\/types\/post"}],"author":[{"embeddable":true,"href":"https:\/\/www.tafeldeko.de\/news\/wp-json\/wp\/v2\/users\/2"}],"replies":[{"embeddable":true,"href":"https:\/\/www.tafeldeko.de\/news\/wp-json\/wp\/v2\/comments?post=1086"}],"version-history":[{"count":0,"href":"https:\/\/www.tafeldeko.de\/news\/wp-json\/wp\/v2\/posts\/1086\/revisions"}],"wp:featuredmedia":[{"embeddable":true,"href":"https:\/\/www.tafeldeko.de\/news\/wp-json\/wp\/v2\/media\/766"}],"wp:attachment":[{"href":"https:\/\/www.tafeldeko.de\/news\/wp-json\/wp\/v2\/media?parent=1086"}],"wp:term":[{"taxonomy":"category","embeddable":true,"href":"https:\/\/www.tafeldeko.de\/news\/wp-json\/wp\/v2\/categories?post=1086"},{"taxonomy":"post_tag","embeddable":true,"href":"https:\/\/www.tafeldeko.de\/news\/wp-json\/wp\/v2\/tags?post=1086"}],"curies":[{"name":"wp","href":"https:\/\/api.w.org\/{rel}","templated":true}]}}