{"id":1080,"date":"2012-04-18T20:54:03","date_gmt":"2012-04-18T18:54:03","guid":{"rendered":"http:\/\/www.tafeldeko.de\/news\/?p=1080"},"modified":"2012-04-18T20:54:03","modified_gmt":"2012-04-18T18:54:03","slug":"wunderschoene-tischdeko-fuer-dunkle-holztische","status":"publish","type":"post","link":"https:\/\/www.tafeldeko.de\/news\/wunderschoene-tischdeko-fuer-dunkle-holztische\/","title":{"rendered":"Wundersch\u00f6ne Tischdeko f\u00fcr dunkle Holztische"},"content":{"rendered":"<div class=\"textumfliessenrechts\"><img decoding=\"async\" loading=\"lazy\" src=\"https:\/\/www.tafeldeko.de\/news\/media\/users\/schnurchristian\/duni_arabella.jpg\" alt=\"Duni Araballa champagne\" title=\"Duni Araballa champagne\" width=\"300\" height=\"200\" \/><br \/><a href=\"https:\/\/www.tafeldeko.de\/mustertische\/beispiele_duni\/Duni_fruehling\/tischdeko_arabella.php\" title=\"Tischdeko f\u00fcr dunkle Tische\"><b>Tischdeko f\u00fcr dunkle Tische<\/b><\/a><\/div>\n<p> Im Bezug auf M\u00f6bel ist der momentane Trend sehr vielf\u00e4ltig. Zum einen pr\u00e4sentieren sich viele wei\u00dfe M\u00f6bel, vor allem auch Sitzecken f\u00fcr den Essbereich in einem frischen und hellen Wei\u00df.<br \/>\nUnd im Gegensatz sind auch wieder dunkle Holztische sehr gefragt.<br \/>\nGanz gleich, welche Art Esszimmertisch man nun selbst zu Hause hat, die Auswahl dr\u00fcckt den pers\u00f6nlichen Stil aus, spiegelt die Pers\u00f6nlichkeit der Bewohner wieder.<br \/>\nSteht ein Anlass zum Feiern bevor, m\u00f6chte man die G\u00e4ste auch an dem sch\u00f6nen Tisch begr\u00fc\u00dfen und ihnen entsprechend eine ansprechende Tischdekoration pr\u00e4sentieren. Wei\u00dfe Tische sehen sehr sch\u00f6n aus, wenn sie mit kr\u00e4ftigen Farben innerhalb der Tischdeko ausgestattet werden. Bei den dunklen Tischen wirken helle und freundliche Farben zum einen sehr edel, zum anderen auch kontrastreich.<br \/>\nDie Duni-Serie \u201eArabella champagne\u201c bietet eine tolle M\u00f6glichkeit, dunkle Holztische gekonnt zu versch\u00f6nern und die G\u00e4ste zu begr\u00fc\u00dfen.<br \/>\nEin leuchtendes Wei\u00df bildet den Grundton der Servietten, Mitteldecken und Tischl\u00e4ufer. Lilafarbene Fr\u00fchlingsblumen, Ranken um die Serviette und ein Hauch von Gold machen zum einen die Serie zu etwas Besonderen und dadurch wird auch die Tischdeko au\u00dfergew\u00f6hnlich.<br \/>\nGerade mit Mitteldecken erzielt man <b>sch\u00f6ne Effekte<\/b>, da diese stets noch einen Blick auf den dunklen Holztisch preisgeben, wodurch der edle Kontrast entsteht. Fr\u00fchlingsblumen in Fliederfarben und <b><a href=\"https:\/\/www.tafeldeko.de\/index.php\/cat\/c526_Kerzen---Kerzenhalter.html\" title=\"Kerzen\">Kerzen<\/a><\/b> runden die Tischdekoration ab \u2013 mehr muss eigentlich nicht sein.<br \/>\nAllein das Zusammenspiel der hellen freundlichen Serie \u201eArabella champagne\u201c mit dem dunklen Holz des Tisches reicht vollkommen aus, um den G\u00e4sten eine sch\u00f6ne Tischdeko pr\u00e4sentieren zu k\u00f6nnen.<br \/>\nMit Duni \u201eArabella champagne\u201c hat man den Eindruck, dass der Fr\u00fchling zum Greifen nahe ist.<br \/>\nGeburtstage, Gartenpartys und vieles mehr kann mit dieser <b>beeindruckenden Serie<\/b> ausgestattet werden. Und gerade f\u00fcr die Feiern im Garten, sprich im Au\u00dfenbereich, sind die Servietten, Mitteldecken und Tischl\u00e4ufer hervorragend geeignet. Zum einen, weil mit wenigen Accessoires eine sch\u00f6ne Tischdeko geschaffen werden kann und zum anderen durch die Verwendung von kleinen Blumenst\u00f6cken und <b><a href=\"https:\/\/www.tafeldeko.de\/index.php\/cat\/c533_Teelichthalter.html\" title=\"Kerzengl\u00e4sern\">Kerzengl\u00e4sern<\/a> <\/b>die Tischdeko vor dem \u201eWegfliegen\u201c gesch\u00fctzt werden kann.<br \/>\nDuni \u201eArabella champagne\u201c \u2013 eine tolle M\u00f6glichkeit, dunkle Holztische zu dekorieren. <\/p>\n","protected":false},"excerpt":{"rendered":"<p>Im Bezug auf M\u00f6bel ist der momentane Trend sehr vielf\u00e4ltig. Zum einen pr\u00e4sentieren sich viele wei\u00dfe M\u00f6bel, vor allem auch Sitzecken f\u00fcr den Essbereich in einem frischen und hellen Wei\u00df.<br \/>\nUnd im Gegensatz sind auch wieder dunkle Holztische sehr gefragt.<br \/>\nGanz gleich, welche Art Esszimmertisch man nun selbst zu Hause hat, die Auswahl dr\u00fcckt den pers\u00f6nlichen Stil aus, spiegelt die Pers\u00f6nlichkeit der Bewohner wieder.<\/p>\n","protected":false},"author":2,"featured_media":1081,"comment_status":"open","ping_status":"open","sticky":false,"template":"","format":"standard","meta":{"footnotes":""},"categories":[1],"tags":[],"yoast_head":"<!-- This site is optimized with the Yoast SEO plugin v20.4 - https:\/\/yoast.com\/wordpress\/plugins\/seo\/ -->\n<title>Wundersch\u00f6ne Tischdeko f\u00fcr dunkle Holztische - Tafeldeko<\/title>\n<meta name=\"description\" content=\"Wei&#xDF;e Tische sehen sehr sch&#xF6;n aus, wenn sie mit kr&#xE4;ftigen Farben innerhalb der Tischdeko ausgestattet werden.\" \/>\n<meta name=\"robots\" content=\"index, follow, max-snippet:-1, max-image-preview:large, max-video-preview:-1\" \/>\n<link rel=\"canonical\" href=\"https:\/\/www.tafeldeko.de\/news\/wunderschoene-tischdeko-fuer-dunkle-holztische\/\" \/>\n<meta property=\"og:locale\" content=\"de_DE\" \/>\n<meta property=\"og:type\" content=\"article\" \/>\n<meta property=\"og:title\" content=\"Wundersch\u00f6ne Tischdeko f\u00fcr dunkle Holztische - Tafeldeko\" \/>\n<meta property=\"og:description\" content=\"Wei&#xDF;e Tische sehen sehr sch&#xF6;n aus, wenn sie mit kr&#xE4;ftigen Farben innerhalb der Tischdeko ausgestattet werden.\" \/>\n<meta property=\"og:url\" content=\"https:\/\/www.tafeldeko.de\/news\/wunderschoene-tischdeko-fuer-dunkle-holztische\/\" \/>\n<meta property=\"og:site_name\" content=\"Tafeldeko\" \/>\n<meta property=\"article:publisher\" content=\"https:\/\/www.facebook.com\/pages\/Tafeldeko-einzigartige-Tischdekoration\/174202655894\" \/>\n<meta property=\"article:published_time\" content=\"2012-04-18T18:54:03+00:00\" \/>\n<meta property=\"og:image\" content=\"https:\/\/www.tafeldeko.de\/news\/wp-content\/uploads\/2014\/09\/duni_arabella.jpg\" \/>\n\t<meta property=\"og:image:width\" content=\"700\" \/>\n\t<meta property=\"og:image:height\" content=\"400\" \/>\n\t<meta property=\"og:image:type\" content=\"image\/jpeg\" \/>\n<meta name=\"author\" content=\"Christiane Stein\" \/>\n<meta name=\"twitter:label1\" content=\"Verfasst von\" \/>\n\t<meta name=\"twitter:data1\" content=\"Christiane Stein\" \/>\n\t<meta name=\"twitter:label2\" content=\"Gesch\u00e4tzte Lesezeit\" \/>\n\t<meta name=\"twitter:data2\" content=\"2 Minuten\" \/>\n<script type=\"application\/ld+json\" class=\"yoast-schema-graph\">{\"@context\":\"https:\/\/schema.org\",\"@graph\":[{\"@type\":\"WebPage\",\"@id\":\"https:\/\/www.tafeldeko.de\/news\/wunderschoene-tischdeko-fuer-dunkle-holztische\/\",\"url\":\"https:\/\/www.tafeldeko.de\/news\/wunderschoene-tischdeko-fuer-dunkle-holztische\/\",\"name\":\"Wundersch\u00f6ne Tischdeko f\u00fcr dunkle Holztische - Tafeldeko\",\"isPartOf\":{\"@id\":\"https:\/\/www.tafeldeko.de\/news\/#website\"},\"datePublished\":\"2012-04-18T18:54:03+00:00\",\"dateModified\":\"2012-04-18T18:54:03+00:00\",\"author\":{\"@id\":\"https:\/\/www.tafeldeko.de\/news\/#\/schema\/person\/d2acd86447ed0b6336089a8ba83164a0\"},\"description\":\"Wei&#xDF;e Tische sehen sehr sch&#xF6;n aus, wenn sie mit kr&#xE4;ftigen Farben innerhalb der Tischdeko ausgestattet werden.\",\"breadcrumb\":{\"@id\":\"https:\/\/www.tafeldeko.de\/news\/wunderschoene-tischdeko-fuer-dunkle-holztische\/#breadcrumb\"},\"inLanguage\":\"de-DE\",\"potentialAction\":[{\"@type\":\"ReadAction\",\"target\":[\"https:\/\/www.tafeldeko.de\/news\/wunderschoene-tischdeko-fuer-dunkle-holztische\/\"]}]},{\"@type\":\"BreadcrumbList\",\"@id\":\"https:\/\/www.tafeldeko.de\/news\/wunderschoene-tischdeko-fuer-dunkle-holztische\/#breadcrumb\",\"itemListElement\":[{\"@type\":\"ListItem\",\"position\":1,\"name\":\"Tafeldeko\",\"item\":\"https:\/\/www.tafeldeko.de\/news\/\"},{\"@type\":\"ListItem\",\"position\":2,\"name\":\"Alte Beitr\u00e4ge\",\"item\":\"https:\/\/www.tafeldeko.de\/news\/alte-beitraege\/\"},{\"@type\":\"ListItem\",\"position\":3,\"name\":\"Tischdeko - Blog\",\"item\":\"https:\/\/www.tafeldeko.de\/news\/alte-beitraege\/tischdeko-blog\/\"},{\"@type\":\"ListItem\",\"position\":4,\"name\":\"Wundersch\u00f6ne Tischdeko f\u00fcr dunkle Holztische\"}]},{\"@type\":\"WebSite\",\"@id\":\"https:\/\/www.tafeldeko.de\/news\/#website\",\"url\":\"https:\/\/www.tafeldeko.de\/news\/\",\"name\":\"Tafeldeko\",\"description\":\"Blog mit Tischdeko und Tischdekoration Ideen\",\"potentialAction\":[{\"@type\":\"SearchAction\",\"target\":{\"@type\":\"EntryPoint\",\"urlTemplate\":\"https:\/\/www.tafeldeko.de\/news\/?s={search_term_string}\"},\"query-input\":\"required name=search_term_string\"}],\"inLanguage\":\"de-DE\"},{\"@type\":\"Person\",\"@id\":\"https:\/\/www.tafeldeko.de\/news\/#\/schema\/person\/d2acd86447ed0b6336089a8ba83164a0\",\"name\":\"Christiane Stein\",\"image\":{\"@type\":\"ImageObject\",\"inLanguage\":\"de-DE\",\"@id\":\"https:\/\/www.tafeldeko.de\/news\/#\/schema\/person\/image\/\",\"url\":\"https:\/\/secure.gravatar.com\/avatar\/2054729fbfd1ebc9d3cf1fd55361d0b6?s=96&d=mm&r=g\",\"contentUrl\":\"https:\/\/secure.gravatar.com\/avatar\/2054729fbfd1ebc9d3cf1fd55361d0b6?s=96&d=mm&r=g\",\"caption\":\"Christiane Stein\"}}]}<\/script>\n<!-- \/ Yoast SEO plugin. -->","yoast_head_json":{"title":"Wundersch\u00f6ne Tischdeko f\u00fcr dunkle Holztische - Tafeldeko","description":"Wei&#xDF;e Tische sehen sehr sch&#xF6;n aus, wenn sie mit kr&#xE4;ftigen Farben innerhalb der Tischdeko ausgestattet werden.","robots":{"index":"index","follow":"follow","max-snippet":"max-snippet:-1","max-image-preview":"max-image-preview:large","max-video-preview":"max-video-preview:-1"},"canonical":"https:\/\/www.tafeldeko.de\/news\/wunderschoene-tischdeko-fuer-dunkle-holztische\/","og_locale":"de_DE","og_type":"article","og_title":"Wundersch\u00f6ne Tischdeko f\u00fcr dunkle Holztische - Tafeldeko","og_description":"Wei&#xDF;e Tische sehen sehr sch&#xF6;n aus, wenn sie mit kr&#xE4;ftigen Farben innerhalb der Tischdeko ausgestattet werden.","og_url":"https:\/\/www.tafeldeko.de\/news\/wunderschoene-tischdeko-fuer-dunkle-holztische\/","og_site_name":"Tafeldeko","article_publisher":"https:\/\/www.facebook.com\/pages\/Tafeldeko-einzigartige-Tischdekoration\/174202655894","article_published_time":"2012-04-18T18:54:03+00:00","og_image":[{"width":700,"height":400,"url":"https:\/\/www.tafeldeko.de\/news\/wp-content\/uploads\/2014\/09\/duni_arabella.jpg","type":"image\/jpeg"}],"author":"Christiane Stein","twitter_misc":{"Verfasst von":"Christiane Stein","Gesch\u00e4tzte Lesezeit":"2 Minuten"},"schema":{"@context":"https:\/\/schema.org","@graph":[{"@type":"WebPage","@id":"https:\/\/www.tafeldeko.de\/news\/wunderschoene-tischdeko-fuer-dunkle-holztische\/","url":"https:\/\/www.tafeldeko.de\/news\/wunderschoene-tischdeko-fuer-dunkle-holztische\/","name":"Wundersch\u00f6ne Tischdeko f\u00fcr dunkle Holztische - Tafeldeko","isPartOf":{"@id":"https:\/\/www.tafeldeko.de\/news\/#website"},"datePublished":"2012-04-18T18:54:03+00:00","dateModified":"2012-04-18T18:54:03+00:00","author":{"@id":"https:\/\/www.tafeldeko.de\/news\/#\/schema\/person\/d2acd86447ed0b6336089a8ba83164a0"},"description":"Wei&#xDF;e Tische sehen sehr sch&#xF6;n aus, wenn sie mit kr&#xE4;ftigen Farben innerhalb der Tischdeko ausgestattet werden.","breadcrumb":{"@id":"https:\/\/www.tafeldeko.de\/news\/wunderschoene-tischdeko-fuer-dunkle-holztische\/#breadcrumb"},"inLanguage":"de-DE","potentialAction":[{"@type":"ReadAction","target":["https:\/\/www.tafeldeko.de\/news\/wunderschoene-tischdeko-fuer-dunkle-holztische\/"]}]},{"@type":"BreadcrumbList","@id":"https:\/\/www.tafeldeko.de\/news\/wunderschoene-tischdeko-fuer-dunkle-holztische\/#breadcrumb","itemListElement":[{"@type":"ListItem","position":1,"name":"Tafeldeko","item":"https:\/\/www.tafeldeko.de\/news\/"},{"@type":"ListItem","position":2,"name":"Alte Beitr\u00e4ge","item":"https:\/\/www.tafeldeko.de\/news\/alte-beitraege\/"},{"@type":"ListItem","position":3,"name":"Tischdeko - Blog","item":"https:\/\/www.tafeldeko.de\/news\/alte-beitraege\/tischdeko-blog\/"},{"@type":"ListItem","position":4,"name":"Wundersch\u00f6ne Tischdeko f\u00fcr dunkle Holztische"}]},{"@type":"WebSite","@id":"https:\/\/www.tafeldeko.de\/news\/#website","url":"https:\/\/www.tafeldeko.de\/news\/","name":"Tafeldeko","description":"Blog mit Tischdeko und Tischdekoration Ideen","potentialAction":[{"@type":"SearchAction","target":{"@type":"EntryPoint","urlTemplate":"https:\/\/www.tafeldeko.de\/news\/?s={search_term_string}"},"query-input":"required name=search_term_string"}],"inLanguage":"de-DE"},{"@type":"Person","@id":"https:\/\/www.tafeldeko.de\/news\/#\/schema\/person\/d2acd86447ed0b6336089a8ba83164a0","name":"Christiane Stein","image":{"@type":"ImageObject","inLanguage":"de-DE","@id":"https:\/\/www.tafeldeko.de\/news\/#\/schema\/person\/image\/","url":"https:\/\/secure.gravatar.com\/avatar\/2054729fbfd1ebc9d3cf1fd55361d0b6?s=96&d=mm&r=g","contentUrl":"https:\/\/secure.gravatar.com\/avatar\/2054729fbfd1ebc9d3cf1fd55361d0b6?s=96&d=mm&r=g","caption":"Christiane Stein"}}]}},"_links":{"self":[{"href":"https:\/\/www.tafeldeko.de\/news\/wp-json\/wp\/v2\/posts\/1080"}],"collection":[{"href":"https:\/\/www.tafeldeko.de\/news\/wp-json\/wp\/v2\/posts"}],"about":[{"href":"https:\/\/www.tafeldeko.de\/news\/wp-json\/wp\/v2\/types\/post"}],"author":[{"embeddable":true,"href":"https:\/\/www.tafeldeko.de\/news\/wp-json\/wp\/v2\/users\/2"}],"replies":[{"embeddable":true,"href":"https:\/\/www.tafeldeko.de\/news\/wp-json\/wp\/v2\/comments?post=1080"}],"version-history":[{"count":0,"href":"https:\/\/www.tafeldeko.de\/news\/wp-json\/wp\/v2\/posts\/1080\/revisions"}],"wp:featuredmedia":[{"embeddable":true,"href":"https:\/\/www.tafeldeko.de\/news\/wp-json\/wp\/v2\/media\/1081"}],"wp:attachment":[{"href":"https:\/\/www.tafeldeko.de\/news\/wp-json\/wp\/v2\/media?parent=1080"}],"wp:term":[{"taxonomy":"category","embeddable":true,"href":"https:\/\/www.tafeldeko.de\/news\/wp-json\/wp\/v2\/categories?post=1080"},{"taxonomy":"post_tag","embeddable":true,"href":"https:\/\/www.tafeldeko.de\/news\/wp-json\/wp\/v2\/tags?post=1080"}],"curies":[{"name":"wp","href":"https:\/\/api.w.org\/{rel}","templated":true}]}}