{"id":1076,"date":"2012-04-14T13:28:39","date_gmt":"2012-04-14T11:28:39","guid":{"rendered":"http:\/\/www.tafeldeko.de\/news\/?p=1076"},"modified":"2012-04-14T13:28:39","modified_gmt":"2012-04-14T11:28:39","slug":"die-tischdeko-darf-auf-keiner-tollen-geburtstagsfete-fehlen","status":"publish","type":"post","link":"https:\/\/www.tafeldeko.de\/news\/die-tischdeko-darf-auf-keiner-tollen-geburtstagsfete-fehlen\/","title":{"rendered":"Die Tischdeko darf auf keiner tollen Geburtstagsfete fehlen"},"content":{"rendered":"<div class=\"textumfliessenrechts\"><img decoding=\"async\" loading=\"lazy\" src=\"https:\/\/www.tafeldeko.de\/news\/media\/users\/schnurchristian\/hochzeit_lila.jpg\" alt=\"Tischdeko zum Geburtstag\" title=\"Tischdeko zum Geburtstag\" width=\"308\" height=\"209\" \/><br \/><a href=\"https:\/\/www.tafeldeko.de\/mustertische\/index.php?t=14&#038;c=5&#038;lang=2\" title=\"Tischdeko zum Geburtstag\"><b>Tischdeko zum Geburtstag<\/b><\/a><\/div>\n<p> Ob f\u00fcr den <b><a href=\"https:\/\/www.tafeldeko.de\/index.php\/cat\/c50_Tischdeko-Geburtstag.html\" title=\"Geburtstag\">Geburtstag<\/a><\/b>, die Taufe, die Hochzeit oder auch f\u00fcr die Gartenparty &#8211; die Tischdeko sollte bei keiner Festlichkeit fehlen.<br \/>\nMit der Tischdeko sorgt man f\u00fcr Gem\u00fctlichkeit, denn die G\u00e4ste sollen sich schlie\u00dflich wohlf\u00fchlen. Nicht nur f\u00fcr Essen und Trinken soll gesorgt sein, sondern auch f\u00fcr eine sch\u00f6ne Atmosph\u00e4re.<br \/>\nWer auf der Suche nach der passenden Tischdekoration f\u00fcr die n\u00e4chste Feierlichkeit ist, sollte das Internet in dieser Hinsicht unsicher machen. Im Internet findet man jede Menge Anregungen und kann sich von den unterschiedlichen Beispielen inspirieren lassen.<br \/>\nDer gezeigte Beispieltisch ist zwar f\u00fcr eine Hochzeit gedeckt, aber mit wenigen Griffen ist die Tischdeko f\u00fcr den Geburtstag umfunktioniert. L\u00e4sst man das Brautpaar weg und minimiert die Anzahl der Herzen, ist die Tischdeko durchaus f\u00fcr den n\u00e4chsten Geburtstag geeignet. Die Tischdeko ist in der <b>Trendfarbe lila<\/b> gestaltet und wurde mit der Farbe wei\u00df kombiniert.<br \/>\nDiese Farbkombination gibt ein sch\u00f6nes Bild ab und macht den Tisch perfekt.<br \/>\nDas gro\u00dfe Windlicht stellt den zentralen Punkt des Tisches dar und die weiteren <b><a href=\"https:\/\/www.tafeldeko.de\/index.php\/cat\/c527_Kerzengl%C3%A4ser.html\" title=\"Kerzen\">Kerzen<\/a><\/b> in lila erg\u00e4nzen das <b>Kerzenspiel<\/b>. Des Weiteren passen die Doublo Servietten in lila-wei\u00df hervorragend auf den Tisch und die Rattan-Kugeln versch\u00f6nern den Tisch.<br \/>\nRattan-Kugeln kann man schon zu den Must-Haves auf dem Tisch z\u00e4hlen, da sie zu fast jedem Deko-Stil passen und eine <b>zeitlose Dekoration<\/b> sind. Auch ein Tischband macht sich sch\u00f6n auf einem Tisch und wie man sieht, kann man in Nu eine tolle Tischdeko zusammenstellen. Sicherlich braucht man den Beispieltisch nicht eins zu eins zu kopieren, aber die eine oder andere Idee kann man sich gewiss aneignen. Au\u00dferdem kann man bereits gekaufte Deko-Artikel immer wieder aufs Neue kombinieren und eine v\u00f6llig neue Tischdekoration kreieren.<\/p>\n","protected":false},"excerpt":{"rendered":"<p>Ob f\u00fcr den , die Taufe, die Hochzeit oder auch f\u00fcr die Gartenparty &#8211; die Tischdeko sollte bei keiner Festlichkeit fehlen.<br \/>\nMit der Tischdeko sorgt man f\u00fcr Gem\u00fctlichkeit, denn die G\u00e4ste sollen sich schlie\u00dflich wohlf\u00fchlen. Nicht nur f\u00fcr Essen und Trinken soll gesorgt sein, sondern auch f\u00fcr eine sch\u00f6ne Atmosph\u00e4re.<\/p>\n","protected":false},"author":2,"featured_media":1077,"comment_status":"open","ping_status":"open","sticky":false,"template":"","format":"standard","meta":{"footnotes":""},"categories":[1],"tags":[],"yoast_head":"<!-- This site is optimized with the Yoast SEO plugin v20.4 - https:\/\/yoast.com\/wordpress\/plugins\/seo\/ -->\n<title>Die Tischdeko darf auf keiner tollen Geburtstagsfete fehlen - Tafeldeko<\/title>\n<meta name=\"description\" content=\"Ob f&#xFC;r den Geburtstag, die Taufe, die Hochzeit oder auch f&#xFC;r die Gartenparty - die Tischdeko sollte bei keiner Festlichkeit fehlen.\" \/>\n<meta name=\"robots\" content=\"index, follow, max-snippet:-1, max-image-preview:large, max-video-preview:-1\" \/>\n<link rel=\"canonical\" href=\"https:\/\/www.tafeldeko.de\/news\/die-tischdeko-darf-auf-keiner-tollen-geburtstagsfete-fehlen\/\" \/>\n<meta property=\"og:locale\" content=\"de_DE\" \/>\n<meta property=\"og:type\" content=\"article\" \/>\n<meta property=\"og:title\" content=\"Die Tischdeko darf auf keiner tollen Geburtstagsfete fehlen - Tafeldeko\" \/>\n<meta property=\"og:description\" content=\"Ob f&#xFC;r den Geburtstag, die Taufe, die Hochzeit oder auch f&#xFC;r die Gartenparty - die Tischdeko sollte bei keiner Festlichkeit fehlen.\" \/>\n<meta property=\"og:url\" content=\"https:\/\/www.tafeldeko.de\/news\/die-tischdeko-darf-auf-keiner-tollen-geburtstagsfete-fehlen\/\" \/>\n<meta property=\"og:site_name\" content=\"Tafeldeko\" \/>\n<meta property=\"article:publisher\" content=\"https:\/\/www.facebook.com\/pages\/Tafeldeko-einzigartige-Tischdekoration\/174202655894\" \/>\n<meta property=\"article:published_time\" content=\"2012-04-14T11:28:39+00:00\" \/>\n<meta property=\"og:image\" content=\"https:\/\/www.tafeldeko.de\/news\/wp-content\/uploads\/2014\/09\/hochzeit_lila.jpg\" \/>\n\t<meta property=\"og:image:width\" content=\"368\" \/>\n\t<meta property=\"og:image:height\" content=\"209\" \/>\n\t<meta property=\"og:image:type\" content=\"image\/jpeg\" \/>\n<meta name=\"author\" content=\"Christiane Stein\" \/>\n<meta name=\"twitter:label1\" content=\"Verfasst von\" \/>\n\t<meta name=\"twitter:data1\" content=\"Christiane Stein\" \/>\n\t<meta name=\"twitter:label2\" content=\"Gesch\u00e4tzte Lesezeit\" \/>\n\t<meta name=\"twitter:data2\" content=\"2 Minuten\" \/>\n<script type=\"application\/ld+json\" class=\"yoast-schema-graph\">{\"@context\":\"https:\/\/schema.org\",\"@graph\":[{\"@type\":\"WebPage\",\"@id\":\"https:\/\/www.tafeldeko.de\/news\/die-tischdeko-darf-auf-keiner-tollen-geburtstagsfete-fehlen\/\",\"url\":\"https:\/\/www.tafeldeko.de\/news\/die-tischdeko-darf-auf-keiner-tollen-geburtstagsfete-fehlen\/\",\"name\":\"Die Tischdeko darf auf keiner tollen Geburtstagsfete fehlen - Tafeldeko\",\"isPartOf\":{\"@id\":\"https:\/\/www.tafeldeko.de\/news\/#website\"},\"datePublished\":\"2012-04-14T11:28:39+00:00\",\"dateModified\":\"2012-04-14T11:28:39+00:00\",\"author\":{\"@id\":\"https:\/\/www.tafeldeko.de\/news\/#\/schema\/person\/d2acd86447ed0b6336089a8ba83164a0\"},\"description\":\"Ob f&#xFC;r den Geburtstag, die Taufe, die Hochzeit oder auch f&#xFC;r die Gartenparty - die Tischdeko sollte bei keiner Festlichkeit fehlen.\",\"breadcrumb\":{\"@id\":\"https:\/\/www.tafeldeko.de\/news\/die-tischdeko-darf-auf-keiner-tollen-geburtstagsfete-fehlen\/#breadcrumb\"},\"inLanguage\":\"de-DE\",\"potentialAction\":[{\"@type\":\"ReadAction\",\"target\":[\"https:\/\/www.tafeldeko.de\/news\/die-tischdeko-darf-auf-keiner-tollen-geburtstagsfete-fehlen\/\"]}]},{\"@type\":\"BreadcrumbList\",\"@id\":\"https:\/\/www.tafeldeko.de\/news\/die-tischdeko-darf-auf-keiner-tollen-geburtstagsfete-fehlen\/#breadcrumb\",\"itemListElement\":[{\"@type\":\"ListItem\",\"position\":1,\"name\":\"Tafeldeko\",\"item\":\"https:\/\/www.tafeldeko.de\/news\/\"},{\"@type\":\"ListItem\",\"position\":2,\"name\":\"Alte Beitr\u00e4ge\",\"item\":\"https:\/\/www.tafeldeko.de\/news\/alte-beitraege\/\"},{\"@type\":\"ListItem\",\"position\":3,\"name\":\"Tischdeko - Blog\",\"item\":\"https:\/\/www.tafeldeko.de\/news\/alte-beitraege\/tischdeko-blog\/\"},{\"@type\":\"ListItem\",\"position\":4,\"name\":\"Die Tischdeko darf auf keiner tollen Geburtstagsfete fehlen\"}]},{\"@type\":\"WebSite\",\"@id\":\"https:\/\/www.tafeldeko.de\/news\/#website\",\"url\":\"https:\/\/www.tafeldeko.de\/news\/\",\"name\":\"Tafeldeko\",\"description\":\"Blog mit Tischdeko und Tischdekoration Ideen\",\"potentialAction\":[{\"@type\":\"SearchAction\",\"target\":{\"@type\":\"EntryPoint\",\"urlTemplate\":\"https:\/\/www.tafeldeko.de\/news\/?s={search_term_string}\"},\"query-input\":\"required name=search_term_string\"}],\"inLanguage\":\"de-DE\"},{\"@type\":\"Person\",\"@id\":\"https:\/\/www.tafeldeko.de\/news\/#\/schema\/person\/d2acd86447ed0b6336089a8ba83164a0\",\"name\":\"Christiane Stein\",\"image\":{\"@type\":\"ImageObject\",\"inLanguage\":\"de-DE\",\"@id\":\"https:\/\/www.tafeldeko.de\/news\/#\/schema\/person\/image\/\",\"url\":\"https:\/\/secure.gravatar.com\/avatar\/2054729fbfd1ebc9d3cf1fd55361d0b6?s=96&d=mm&r=g\",\"contentUrl\":\"https:\/\/secure.gravatar.com\/avatar\/2054729fbfd1ebc9d3cf1fd55361d0b6?s=96&d=mm&r=g\",\"caption\":\"Christiane Stein\"}}]}<\/script>\n<!-- \/ Yoast SEO plugin. -->","yoast_head_json":{"title":"Die Tischdeko darf auf keiner tollen Geburtstagsfete fehlen - Tafeldeko","description":"Ob f&#xFC;r den Geburtstag, die Taufe, die Hochzeit oder auch f&#xFC;r die Gartenparty - die Tischdeko sollte bei keiner Festlichkeit fehlen.","robots":{"index":"index","follow":"follow","max-snippet":"max-snippet:-1","max-image-preview":"max-image-preview:large","max-video-preview":"max-video-preview:-1"},"canonical":"https:\/\/www.tafeldeko.de\/news\/die-tischdeko-darf-auf-keiner-tollen-geburtstagsfete-fehlen\/","og_locale":"de_DE","og_type":"article","og_title":"Die Tischdeko darf auf keiner tollen Geburtstagsfete fehlen - Tafeldeko","og_description":"Ob f&#xFC;r den Geburtstag, die Taufe, die Hochzeit oder auch f&#xFC;r die Gartenparty - die Tischdeko sollte bei keiner Festlichkeit fehlen.","og_url":"https:\/\/www.tafeldeko.de\/news\/die-tischdeko-darf-auf-keiner-tollen-geburtstagsfete-fehlen\/","og_site_name":"Tafeldeko","article_publisher":"https:\/\/www.facebook.com\/pages\/Tafeldeko-einzigartige-Tischdekoration\/174202655894","article_published_time":"2012-04-14T11:28:39+00:00","og_image":[{"width":368,"height":209,"url":"https:\/\/www.tafeldeko.de\/news\/wp-content\/uploads\/2014\/09\/hochzeit_lila.jpg","type":"image\/jpeg"}],"author":"Christiane Stein","twitter_misc":{"Verfasst von":"Christiane Stein","Gesch\u00e4tzte Lesezeit":"2 Minuten"},"schema":{"@context":"https:\/\/schema.org","@graph":[{"@type":"WebPage","@id":"https:\/\/www.tafeldeko.de\/news\/die-tischdeko-darf-auf-keiner-tollen-geburtstagsfete-fehlen\/","url":"https:\/\/www.tafeldeko.de\/news\/die-tischdeko-darf-auf-keiner-tollen-geburtstagsfete-fehlen\/","name":"Die Tischdeko darf auf keiner tollen Geburtstagsfete fehlen - Tafeldeko","isPartOf":{"@id":"https:\/\/www.tafeldeko.de\/news\/#website"},"datePublished":"2012-04-14T11:28:39+00:00","dateModified":"2012-04-14T11:28:39+00:00","author":{"@id":"https:\/\/www.tafeldeko.de\/news\/#\/schema\/person\/d2acd86447ed0b6336089a8ba83164a0"},"description":"Ob f&#xFC;r den Geburtstag, die Taufe, die Hochzeit oder auch f&#xFC;r die Gartenparty - die Tischdeko sollte bei keiner Festlichkeit fehlen.","breadcrumb":{"@id":"https:\/\/www.tafeldeko.de\/news\/die-tischdeko-darf-auf-keiner-tollen-geburtstagsfete-fehlen\/#breadcrumb"},"inLanguage":"de-DE","potentialAction":[{"@type":"ReadAction","target":["https:\/\/www.tafeldeko.de\/news\/die-tischdeko-darf-auf-keiner-tollen-geburtstagsfete-fehlen\/"]}]},{"@type":"BreadcrumbList","@id":"https:\/\/www.tafeldeko.de\/news\/die-tischdeko-darf-auf-keiner-tollen-geburtstagsfete-fehlen\/#breadcrumb","itemListElement":[{"@type":"ListItem","position":1,"name":"Tafeldeko","item":"https:\/\/www.tafeldeko.de\/news\/"},{"@type":"ListItem","position":2,"name":"Alte Beitr\u00e4ge","item":"https:\/\/www.tafeldeko.de\/news\/alte-beitraege\/"},{"@type":"ListItem","position":3,"name":"Tischdeko - Blog","item":"https:\/\/www.tafeldeko.de\/news\/alte-beitraege\/tischdeko-blog\/"},{"@type":"ListItem","position":4,"name":"Die Tischdeko darf auf keiner tollen Geburtstagsfete fehlen"}]},{"@type":"WebSite","@id":"https:\/\/www.tafeldeko.de\/news\/#website","url":"https:\/\/www.tafeldeko.de\/news\/","name":"Tafeldeko","description":"Blog mit Tischdeko und Tischdekoration Ideen","potentialAction":[{"@type":"SearchAction","target":{"@type":"EntryPoint","urlTemplate":"https:\/\/www.tafeldeko.de\/news\/?s={search_term_string}"},"query-input":"required name=search_term_string"}],"inLanguage":"de-DE"},{"@type":"Person","@id":"https:\/\/www.tafeldeko.de\/news\/#\/schema\/person\/d2acd86447ed0b6336089a8ba83164a0","name":"Christiane Stein","image":{"@type":"ImageObject","inLanguage":"de-DE","@id":"https:\/\/www.tafeldeko.de\/news\/#\/schema\/person\/image\/","url":"https:\/\/secure.gravatar.com\/avatar\/2054729fbfd1ebc9d3cf1fd55361d0b6?s=96&d=mm&r=g","contentUrl":"https:\/\/secure.gravatar.com\/avatar\/2054729fbfd1ebc9d3cf1fd55361d0b6?s=96&d=mm&r=g","caption":"Christiane Stein"}}]}},"_links":{"self":[{"href":"https:\/\/www.tafeldeko.de\/news\/wp-json\/wp\/v2\/posts\/1076"}],"collection":[{"href":"https:\/\/www.tafeldeko.de\/news\/wp-json\/wp\/v2\/posts"}],"about":[{"href":"https:\/\/www.tafeldeko.de\/news\/wp-json\/wp\/v2\/types\/post"}],"author":[{"embeddable":true,"href":"https:\/\/www.tafeldeko.de\/news\/wp-json\/wp\/v2\/users\/2"}],"replies":[{"embeddable":true,"href":"https:\/\/www.tafeldeko.de\/news\/wp-json\/wp\/v2\/comments?post=1076"}],"version-history":[{"count":0,"href":"https:\/\/www.tafeldeko.de\/news\/wp-json\/wp\/v2\/posts\/1076\/revisions"}],"wp:featuredmedia":[{"embeddable":true,"href":"https:\/\/www.tafeldeko.de\/news\/wp-json\/wp\/v2\/media\/1077"}],"wp:attachment":[{"href":"https:\/\/www.tafeldeko.de\/news\/wp-json\/wp\/v2\/media?parent=1076"}],"wp:term":[{"taxonomy":"category","embeddable":true,"href":"https:\/\/www.tafeldeko.de\/news\/wp-json\/wp\/v2\/categories?post=1076"},{"taxonomy":"post_tag","embeddable":true,"href":"https:\/\/www.tafeldeko.de\/news\/wp-json\/wp\/v2\/tags?post=1076"}],"curies":[{"name":"wp","href":"https:\/\/api.w.org\/{rel}","templated":true}]}}