{"id":1072,"date":"2012-04-02T19:37:51","date_gmt":"2012-04-02T17:37:51","guid":{"rendered":"http:\/\/www.tafeldeko.de\/news\/?p=1072"},"modified":"2012-04-02T19:37:51","modified_gmt":"2012-04-02T17:37:51","slug":"die-tischdeko-mit-duni-tilla-pink-weckt-fruehlingsgefuehle","status":"publish","type":"post","link":"https:\/\/www.tafeldeko.de\/news\/die-tischdeko-mit-duni-tilla-pink-weckt-fruehlingsgefuehle\/","title":{"rendered":"Die Tischdeko mit Duni Tilla pink weckt Fr\u00fchlingsgef\u00fchle"},"content":{"rendered":"<div class=\"textumfliessenrechts\"><img decoding=\"async\" loading=\"lazy\" src=\"https:\/\/www.tafeldeko.de\/news\/media\/users\/schnurchristian\/duni_tilla.jpg\" alt=\"Duni Tilla\" title=\"Duni Tilla\" width=\"250\" height=\"170\" \/><br \/><a href=\"https:\/\/www.tafeldeko.de\/index.php\/cat\/c933_Duni-Servietten.html\" title=\"Hier Fr\u00fchlings Tischdeko\"><b>Hier Fr\u00fchlings Tischdeko<\/b><\/a><\/div>\n<p> Wenn man die ersten Sonnenstrahlen zu Gesicht bekommt, kommen Fr\u00fchlingsgef\u00fchle auf und man wei\u00df: der <b>Fr\u00fchling <\/b>ist endlich da.<br \/>\nUm dieses Feeling auch optisch zum Ausdruck zu bringen, kann man den Tisch dementsprechend gestalten.<br \/>\nMit der Variante der Tischdeko mit \u201eTilla pink\u201c ist man auf der sicheren Seite und Farbe wird ins Spiel gebracht. Die Fr\u00fchlingskollektion verleiht jedem Tisch<b> das gewisse Etwas <\/b>und den Pepp, den man sich f\u00fcr seine Fete w\u00fcnscht.<br \/>\nDer Mustertisch \u201eTilla pink\u201c ist mit einer Mitteldecke dekoriert und dazu wurden stoff\u00e4hnliche Servietten im Format 40&#215;40 cm optisch drapiert. Alternativ kann man auch zu den Servietten in der Gr\u00f6\u00dfe 33&#215;33 cm greifen.<br \/>\nDer Tisch wird so dekoriert, wie es einem selbst am besten gef\u00e4llt. Diese goldene Regel sollte man sich zu Herzen nehmen, denn dann wird man eine sch\u00f6ne Tischdekoration kreieren k\u00f6nnen.<br \/>\nIst das Grundger\u00fcst erstmals geschaffen, kann man weitere dekorative Accessoires in Szene setzen. Das k\u00f6nnen beispielsweise Windlichter, Kerzen oder <b><a href=\"https:\/\/www.tafeldeko.de\/index.php\/cat\/c1922_Fr%C3%BChling.html\" title=\"Blumen\">Blumen<\/a><\/b> sein. Die Festtagstafel kann man mit vielerlei Dingen versch\u00f6nern und ins rechte Licht r\u00fccken. Wer m\u00f6chte, kann Rattan-Kugeln, Gr\u00e4ser und Str\u00e4ucher, Tischk\u00e4rtchen oder die Men\u00fckarte auf dem Tisch gekonnt zur Geltung bringen.<br \/>\nWie man sieht, es gibt unz\u00e4hlige Varianten und man kann sich das Sch\u00f6nste heraussuchen. Wer Anregungen ben\u00f6tigt, kann \u2013 wie so oft &#8211; das Internet zu Rate ziehen und sich <b>inspirieren lassen<\/b>.<br \/>\nMit den richtigen Gedanken im Hinterkopf, kann jeder eine originelle und au\u00dfergew\u00f6hnliche Dekoration auf die Beine stellen &#8211; v\u00f6llig gleichg\u00fcltig, ob es f\u00fcr die Taufe, den <b><a href=\"https:\/\/www.tafeldeko.de\/index.php\/cat\/c50_Tischdeko-Geburtstag.html\" title=\"Geburtstag\">Geburtstag<\/a><\/b>, die Hochzeit oder f\u00fcr die Gartenparty ist.<br \/>\nKeine Party und keine Festlichkeit sollte ohne eine sch\u00f6ne Tischdekoration gefeiert werden. Schlie\u00dflich entscheiden viele Faktoren dar\u00fcber, ob man eine sch\u00f6ne Feier organisiert hat und wie erinnerungsreich die Fete gewesen ist.<\/p>\n","protected":false},"excerpt":{"rendered":"<p>Wenn man die ersten Sonnenstrahlen zu Gesicht bekommt, kommen Fr\u00fchlingsgef\u00fchle auf und man wei\u00df: der Fr\u00fchling ist endlich da.<br \/>\nUm dieses Feeling auch optisch zum Ausdruck zu bringen, kann man den Tisch dementsprechend gestalten.<br \/>\nMit der Variante der Tischdeko mit \u201eTilla pink\u201c ist man auf der sicheren Seite und Farbe wird ins Spiel gebracht. Die Fr\u00fchlingskollektion verleiht jedem Tisch das gewisse Etwas und den Pepp, den man sich f\u00fcr seine Fete w\u00fcnscht.<\/p>\n","protected":false},"author":2,"featured_media":1073,"comment_status":"open","ping_status":"open","sticky":false,"template":"","format":"standard","meta":{"footnotes":""},"categories":[1],"tags":[],"yoast_head":"<!-- This site is optimized with the Yoast SEO plugin v20.4 - https:\/\/yoast.com\/wordpress\/plugins\/seo\/ -->\n<title>Die Tischdeko mit Duni Tilla pink weckt Fr\u00fchlingsgef\u00fchle - Tafeldeko<\/title>\n<meta name=\"description\" content=\"Keine Party und keine Festlichkeit sollte ohne eine sch&#xF6;ne Tischdekoration gefeiert werden. Wie Sie dekorieren k&#xF6;nnen? Wir haben die Ideen\" \/>\n<meta name=\"robots\" content=\"index, follow, max-snippet:-1, max-image-preview:large, max-video-preview:-1\" \/>\n<link rel=\"canonical\" href=\"https:\/\/www.tafeldeko.de\/news\/die-tischdeko-mit-duni-tilla-pink-weckt-fruehlingsgefuehle\/\" \/>\n<meta property=\"og:locale\" content=\"de_DE\" \/>\n<meta property=\"og:type\" content=\"article\" \/>\n<meta property=\"og:title\" content=\"Die Tischdeko mit Duni Tilla pink weckt Fr\u00fchlingsgef\u00fchle - Tafeldeko\" \/>\n<meta property=\"og:description\" content=\"Keine Party und keine Festlichkeit sollte ohne eine sch&#xF6;ne Tischdekoration gefeiert werden. Wie Sie dekorieren k&#xF6;nnen? Wir haben die Ideen\" \/>\n<meta property=\"og:url\" content=\"https:\/\/www.tafeldeko.de\/news\/die-tischdeko-mit-duni-tilla-pink-weckt-fruehlingsgefuehle\/\" \/>\n<meta property=\"og:site_name\" content=\"Tafeldeko\" \/>\n<meta property=\"article:publisher\" content=\"https:\/\/www.facebook.com\/pages\/Tafeldeko-einzigartige-Tischdekoration\/174202655894\" \/>\n<meta property=\"article:published_time\" content=\"2012-04-02T17:37:51+00:00\" \/>\n<meta property=\"og:image\" content=\"https:\/\/www.tafeldeko.de\/news\/wp-content\/uploads\/2014\/09\/duni_tilla.jpg\" \/>\n\t<meta property=\"og:image:width\" content=\"250\" \/>\n\t<meta property=\"og:image:height\" content=\"170\" \/>\n\t<meta property=\"og:image:type\" content=\"image\/jpeg\" \/>\n<meta name=\"author\" content=\"Christiane Stein\" \/>\n<meta name=\"twitter:label1\" content=\"Verfasst von\" \/>\n\t<meta name=\"twitter:data1\" content=\"Christiane Stein\" \/>\n\t<meta name=\"twitter:label2\" content=\"Gesch\u00e4tzte Lesezeit\" \/>\n\t<meta name=\"twitter:data2\" content=\"2 Minuten\" \/>\n<script type=\"application\/ld+json\" class=\"yoast-schema-graph\">{\"@context\":\"https:\/\/schema.org\",\"@graph\":[{\"@type\":\"WebPage\",\"@id\":\"https:\/\/www.tafeldeko.de\/news\/die-tischdeko-mit-duni-tilla-pink-weckt-fruehlingsgefuehle\/\",\"url\":\"https:\/\/www.tafeldeko.de\/news\/die-tischdeko-mit-duni-tilla-pink-weckt-fruehlingsgefuehle\/\",\"name\":\"Die Tischdeko mit Duni Tilla pink weckt Fr\u00fchlingsgef\u00fchle - Tafeldeko\",\"isPartOf\":{\"@id\":\"https:\/\/www.tafeldeko.de\/news\/#website\"},\"datePublished\":\"2012-04-02T17:37:51+00:00\",\"dateModified\":\"2012-04-02T17:37:51+00:00\",\"author\":{\"@id\":\"https:\/\/www.tafeldeko.de\/news\/#\/schema\/person\/d2acd86447ed0b6336089a8ba83164a0\"},\"description\":\"Keine Party und keine Festlichkeit sollte ohne eine sch&#xF6;ne Tischdekoration gefeiert werden. Wie Sie dekorieren k&#xF6;nnen? Wir haben die Ideen\",\"breadcrumb\":{\"@id\":\"https:\/\/www.tafeldeko.de\/news\/die-tischdeko-mit-duni-tilla-pink-weckt-fruehlingsgefuehle\/#breadcrumb\"},\"inLanguage\":\"de-DE\",\"potentialAction\":[{\"@type\":\"ReadAction\",\"target\":[\"https:\/\/www.tafeldeko.de\/news\/die-tischdeko-mit-duni-tilla-pink-weckt-fruehlingsgefuehle\/\"]}]},{\"@type\":\"BreadcrumbList\",\"@id\":\"https:\/\/www.tafeldeko.de\/news\/die-tischdeko-mit-duni-tilla-pink-weckt-fruehlingsgefuehle\/#breadcrumb\",\"itemListElement\":[{\"@type\":\"ListItem\",\"position\":1,\"name\":\"Tafeldeko\",\"item\":\"https:\/\/www.tafeldeko.de\/news\/\"},{\"@type\":\"ListItem\",\"position\":2,\"name\":\"Alte Beitr\u00e4ge\",\"item\":\"https:\/\/www.tafeldeko.de\/news\/alte-beitraege\/\"},{\"@type\":\"ListItem\",\"position\":3,\"name\":\"Tischdeko - Blog\",\"item\":\"https:\/\/www.tafeldeko.de\/news\/alte-beitraege\/tischdeko-blog\/\"},{\"@type\":\"ListItem\",\"position\":4,\"name\":\"Die Tischdeko mit Duni Tilla pink weckt Fr\u00fchlingsgef\u00fchle\"}]},{\"@type\":\"WebSite\",\"@id\":\"https:\/\/www.tafeldeko.de\/news\/#website\",\"url\":\"https:\/\/www.tafeldeko.de\/news\/\",\"name\":\"Tafeldeko\",\"description\":\"Blog mit Tischdeko und Tischdekoration Ideen\",\"potentialAction\":[{\"@type\":\"SearchAction\",\"target\":{\"@type\":\"EntryPoint\",\"urlTemplate\":\"https:\/\/www.tafeldeko.de\/news\/?s={search_term_string}\"},\"query-input\":\"required name=search_term_string\"}],\"inLanguage\":\"de-DE\"},{\"@type\":\"Person\",\"@id\":\"https:\/\/www.tafeldeko.de\/news\/#\/schema\/person\/d2acd86447ed0b6336089a8ba83164a0\",\"name\":\"Christiane Stein\",\"image\":{\"@type\":\"ImageObject\",\"inLanguage\":\"de-DE\",\"@id\":\"https:\/\/www.tafeldeko.de\/news\/#\/schema\/person\/image\/\",\"url\":\"https:\/\/secure.gravatar.com\/avatar\/2054729fbfd1ebc9d3cf1fd55361d0b6?s=96&d=mm&r=g\",\"contentUrl\":\"https:\/\/secure.gravatar.com\/avatar\/2054729fbfd1ebc9d3cf1fd55361d0b6?s=96&d=mm&r=g\",\"caption\":\"Christiane Stein\"}}]}<\/script>\n<!-- \/ Yoast SEO plugin. -->","yoast_head_json":{"title":"Die Tischdeko mit Duni Tilla pink weckt Fr\u00fchlingsgef\u00fchle - Tafeldeko","description":"Keine Party und keine Festlichkeit sollte ohne eine sch&#xF6;ne Tischdekoration gefeiert werden. Wie Sie dekorieren k&#xF6;nnen? Wir haben die Ideen","robots":{"index":"index","follow":"follow","max-snippet":"max-snippet:-1","max-image-preview":"max-image-preview:large","max-video-preview":"max-video-preview:-1"},"canonical":"https:\/\/www.tafeldeko.de\/news\/die-tischdeko-mit-duni-tilla-pink-weckt-fruehlingsgefuehle\/","og_locale":"de_DE","og_type":"article","og_title":"Die Tischdeko mit Duni Tilla pink weckt Fr\u00fchlingsgef\u00fchle - Tafeldeko","og_description":"Keine Party und keine Festlichkeit sollte ohne eine sch&#xF6;ne Tischdekoration gefeiert werden. Wie Sie dekorieren k&#xF6;nnen? Wir haben die Ideen","og_url":"https:\/\/www.tafeldeko.de\/news\/die-tischdeko-mit-duni-tilla-pink-weckt-fruehlingsgefuehle\/","og_site_name":"Tafeldeko","article_publisher":"https:\/\/www.facebook.com\/pages\/Tafeldeko-einzigartige-Tischdekoration\/174202655894","article_published_time":"2012-04-02T17:37:51+00:00","og_image":[{"width":250,"height":170,"url":"https:\/\/www.tafeldeko.de\/news\/wp-content\/uploads\/2014\/09\/duni_tilla.jpg","type":"image\/jpeg"}],"author":"Christiane Stein","twitter_misc":{"Verfasst von":"Christiane Stein","Gesch\u00e4tzte Lesezeit":"2 Minuten"},"schema":{"@context":"https:\/\/schema.org","@graph":[{"@type":"WebPage","@id":"https:\/\/www.tafeldeko.de\/news\/die-tischdeko-mit-duni-tilla-pink-weckt-fruehlingsgefuehle\/","url":"https:\/\/www.tafeldeko.de\/news\/die-tischdeko-mit-duni-tilla-pink-weckt-fruehlingsgefuehle\/","name":"Die Tischdeko mit Duni Tilla pink weckt Fr\u00fchlingsgef\u00fchle - Tafeldeko","isPartOf":{"@id":"https:\/\/www.tafeldeko.de\/news\/#website"},"datePublished":"2012-04-02T17:37:51+00:00","dateModified":"2012-04-02T17:37:51+00:00","author":{"@id":"https:\/\/www.tafeldeko.de\/news\/#\/schema\/person\/d2acd86447ed0b6336089a8ba83164a0"},"description":"Keine Party und keine Festlichkeit sollte ohne eine sch&#xF6;ne Tischdekoration gefeiert werden. Wie Sie dekorieren k&#xF6;nnen? Wir haben die Ideen","breadcrumb":{"@id":"https:\/\/www.tafeldeko.de\/news\/die-tischdeko-mit-duni-tilla-pink-weckt-fruehlingsgefuehle\/#breadcrumb"},"inLanguage":"de-DE","potentialAction":[{"@type":"ReadAction","target":["https:\/\/www.tafeldeko.de\/news\/die-tischdeko-mit-duni-tilla-pink-weckt-fruehlingsgefuehle\/"]}]},{"@type":"BreadcrumbList","@id":"https:\/\/www.tafeldeko.de\/news\/die-tischdeko-mit-duni-tilla-pink-weckt-fruehlingsgefuehle\/#breadcrumb","itemListElement":[{"@type":"ListItem","position":1,"name":"Tafeldeko","item":"https:\/\/www.tafeldeko.de\/news\/"},{"@type":"ListItem","position":2,"name":"Alte Beitr\u00e4ge","item":"https:\/\/www.tafeldeko.de\/news\/alte-beitraege\/"},{"@type":"ListItem","position":3,"name":"Tischdeko - Blog","item":"https:\/\/www.tafeldeko.de\/news\/alte-beitraege\/tischdeko-blog\/"},{"@type":"ListItem","position":4,"name":"Die Tischdeko mit Duni Tilla pink weckt Fr\u00fchlingsgef\u00fchle"}]},{"@type":"WebSite","@id":"https:\/\/www.tafeldeko.de\/news\/#website","url":"https:\/\/www.tafeldeko.de\/news\/","name":"Tafeldeko","description":"Blog mit Tischdeko und Tischdekoration Ideen","potentialAction":[{"@type":"SearchAction","target":{"@type":"EntryPoint","urlTemplate":"https:\/\/www.tafeldeko.de\/news\/?s={search_term_string}"},"query-input":"required name=search_term_string"}],"inLanguage":"de-DE"},{"@type":"Person","@id":"https:\/\/www.tafeldeko.de\/news\/#\/schema\/person\/d2acd86447ed0b6336089a8ba83164a0","name":"Christiane Stein","image":{"@type":"ImageObject","inLanguage":"de-DE","@id":"https:\/\/www.tafeldeko.de\/news\/#\/schema\/person\/image\/","url":"https:\/\/secure.gravatar.com\/avatar\/2054729fbfd1ebc9d3cf1fd55361d0b6?s=96&d=mm&r=g","contentUrl":"https:\/\/secure.gravatar.com\/avatar\/2054729fbfd1ebc9d3cf1fd55361d0b6?s=96&d=mm&r=g","caption":"Christiane Stein"}}]}},"_links":{"self":[{"href":"https:\/\/www.tafeldeko.de\/news\/wp-json\/wp\/v2\/posts\/1072"}],"collection":[{"href":"https:\/\/www.tafeldeko.de\/news\/wp-json\/wp\/v2\/posts"}],"about":[{"href":"https:\/\/www.tafeldeko.de\/news\/wp-json\/wp\/v2\/types\/post"}],"author":[{"embeddable":true,"href":"https:\/\/www.tafeldeko.de\/news\/wp-json\/wp\/v2\/users\/2"}],"replies":[{"embeddable":true,"href":"https:\/\/www.tafeldeko.de\/news\/wp-json\/wp\/v2\/comments?post=1072"}],"version-history":[{"count":0,"href":"https:\/\/www.tafeldeko.de\/news\/wp-json\/wp\/v2\/posts\/1072\/revisions"}],"wp:featuredmedia":[{"embeddable":true,"href":"https:\/\/www.tafeldeko.de\/news\/wp-json\/wp\/v2\/media\/1073"}],"wp:attachment":[{"href":"https:\/\/www.tafeldeko.de\/news\/wp-json\/wp\/v2\/media?parent=1072"}],"wp:term":[{"taxonomy":"category","embeddable":true,"href":"https:\/\/www.tafeldeko.de\/news\/wp-json\/wp\/v2\/categories?post=1072"},{"taxonomy":"post_tag","embeddable":true,"href":"https:\/\/www.tafeldeko.de\/news\/wp-json\/wp\/v2\/tags?post=1072"}],"curies":[{"name":"wp","href":"https:\/\/api.w.org\/{rel}","templated":true}]}}