{"id":1065,"date":"2012-03-21T20:56:22","date_gmt":"2012-03-21T18:56:22","guid":{"rendered":"http:\/\/www.tafeldeko.de\/news\/?p=1065"},"modified":"2012-03-21T20:56:22","modified_gmt":"2012-03-21T18:56:22","slug":"tolle-tischdeko-fuer-den-geburtstag","status":"publish","type":"post","link":"https:\/\/www.tafeldeko.de\/news\/tolle-tischdeko-fuer-den-geburtstag\/","title":{"rendered":"Tolle Tischdeko f\u00fcr den Geburtstag"},"content":{"rendered":"<div class=\"textumfliessenrechts\"><img decoding=\"async\" loading=\"lazy\" src=\"https:\/\/www.tafeldeko.de\/news\/media\/users\/schnurchristian\/gebu_zartgruen.jpg\" alt=\"Tischdeko Geburtstag\" title=\"Tischdeko Geburtstag\" width=\"308\" height=\"202\" \/><br \/><a href=\"https:\/\/www.tafeldeko.de\/mustertische\/index.php?t=6&#038;c=7&#038;lang=2\" title=\"tolle Tischdeko\"><b>tolle Tischdeko<\/b><\/a><\/div>\n<p> <b>Geburtstage <\/b>sind auf gewisse Weise stets ein Grund zum Feiern \u2013 ganz gleich, wie alt wir werden. Der eigene Geburtstag als auch der Geburtstag von Familienmitgliedern und Freunden ist ein freudiger Anlass, der genauso freudig auch gefeiert werden sollte.<br \/>\nMit einer Feier \u2013 entweder im kleinen oder gro\u00dfen Rahmen \u2013 ist es f\u00fcr das Geburtstagskind sch\u00f6n anzusehen, dass viele an diesen Tag gedacht haben und gratulieren kommen. Und vor allen Dingen: es muss nicht immer ein runder Geburtstag sein, den man feiert. Ganz nach dem Motto: \u201eMan sollte die Feste feiern wie sie kommen\u201c sollte man dies auch f\u00fcr Geburtstage beherzigen.<br \/>\nNeben leckerem Essen, passenden Getr\u00e4nken und ausreichend Platz f\u00fcr die G\u00e4ste sollten auch die Tische einladend gestaltet sein. Ob Stehparty oder die Gartenparty anl\u00e4sslich des Geburtstags \u2013 f\u00fcr jede Art der Feier gibt es auch eine <b><a href=\"https:\/\/www.tafeldeko.de\" title=\"Tischdeko\">Tischdeko<\/a><\/b>.<\/p>\n<p><b>Wie kann die Tischdeko zum Geburtstag aussehen?<\/b><br \/>\nM\u00f6glichkeiten gibt es viele \u2013 Abstufungen nach den Geschlechtern ebenfalls. Allein in Punkto Farbwahl f\u00fcr die Tischdeko zum Geburtstag bieten sich viele Varianten. Farblich wird in der Regel darauf geachtet, dass man f\u00fcr den Geburtstag eines Mannes \u201em\u00e4nnliche\u201c Farben w\u00e4hlt, also eher nach den gedeckten Farben Ausschau h\u00e4lt, wohingegen die Tischdeko bei dem Geburtstag einer Frau schon recht <b>farbenfroh <\/b>ausfallen kann.<br \/>\nAls eine neutrale Farbe kann man das zartgr\u00fcn der Tischdeko des Mustertisches bezeichnen. Die Tischdeko f\u00fcr den Geburtstag \u2013 von M\u00e4nnlein oder Weiblein \u2013 kann in dieser sch\u00f6nen Farbe ausgestattet sein. Kombiniert mit wei\u00df ergibt sich eine edle Tischdeko, die die G\u00e4ste entsprechend empf\u00e4ngt.<br \/>\nDie Basis der Tischdeko bildet eine wei\u00dfe Tischdecke, tischmittig liegt ein zartgr\u00fcner Duni Tischl\u00e4ufer Tete a Tete auf, der wiederum mit einem Deko Vlies Rosen in Wei\u00df und Glimmer geschm\u00fcckt ist.<br \/>\nMit Spiegeluntersetzern, <b><a href=\"https:\/\/www.tafeldeko.de\/index.php\/cat\/c526_Kerzen---Kerzenhalter.html\" title=\"Kerzen\">Kerzen<\/a><\/b> und Raindrops Deko Tautropfen wird die Tischdeko erg\u00e4nzt \u2013 weitere Accessoires sind im Prinzip nicht mehr notwendig.<br \/>\nDadurch ist diese Tischdeko auch f\u00fcr die Feier im Garten hervorragend geeignet. <\/p>\n","protected":false},"excerpt":{"rendered":"<p>Geburtstage sind auf gewisse Weise stets ein Grund zum Feiern \u2013 ganz gleich, wie alt wir werden. Der eigene Geburtstag als auch der Geburtstag von Familienmitgliedern und Freunden ist ein freudiger Anlass, der genauso freudig auch gefeiert werden sollte.<br \/>\nMit einer Feier \u2013 entweder im kleinen oder gro\u00dfen Rahmen \u2013 ist es f\u00fcr das Geburtstagskind sch\u00f6n anzusehen, dass viele an diesen Tag gedacht haben und gratulieren kommen. Und vor allen Dingen: es muss nicht immer ein runder Geburtstag sein, den man feiert. Ganz nach dem Motto: \u201eMan sollte die Feste feiern wie sie kommen\u201c sollte man dies auch f\u00fcr Geburtstage beherzigen.<\/p>\n","protected":false},"author":2,"featured_media":1066,"comment_status":"open","ping_status":"open","sticky":false,"template":"","format":"standard","meta":{"footnotes":""},"categories":[1],"tags":[],"yoast_head":"<!-- This site is optimized with the Yoast SEO plugin v20.4 - https:\/\/yoast.com\/wordpress\/plugins\/seo\/ -->\n<title>Tolle Tischdeko f\u00fcr den Geburtstag - Tafeldeko<\/title>\n<meta name=\"description\" content=\"Eine tolle Tischdeko ist bei einer Feier sozusagen die &quot;halbe Miete&quot;. Arrangieren Sie farbenfroh, mit sch&#xF6;nen Elementen.\" \/>\n<meta name=\"robots\" content=\"index, follow, max-snippet:-1, max-image-preview:large, max-video-preview:-1\" \/>\n<link rel=\"canonical\" href=\"https:\/\/www.tafeldeko.de\/news\/tolle-tischdeko-fuer-den-geburtstag\/\" \/>\n<meta property=\"og:locale\" content=\"de_DE\" \/>\n<meta property=\"og:type\" content=\"article\" \/>\n<meta property=\"og:title\" content=\"Tolle Tischdeko f\u00fcr den Geburtstag - Tafeldeko\" \/>\n<meta property=\"og:description\" content=\"Eine tolle Tischdeko ist bei einer Feier sozusagen die &quot;halbe Miete&quot;. Arrangieren Sie farbenfroh, mit sch&#xF6;nen Elementen.\" \/>\n<meta property=\"og:url\" content=\"https:\/\/www.tafeldeko.de\/news\/tolle-tischdeko-fuer-den-geburtstag\/\" \/>\n<meta property=\"og:site_name\" content=\"Tafeldeko\" \/>\n<meta property=\"article:publisher\" content=\"https:\/\/www.facebook.com\/pages\/Tafeldeko-einzigartige-Tischdekoration\/174202655894\" \/>\n<meta property=\"article:published_time\" content=\"2012-03-21T18:56:22+00:00\" \/>\n<meta property=\"og:image\" content=\"https:\/\/www.tafeldeko.de\/news\/wp-content\/uploads\/2014\/09\/gebu_zartgruen.jpg\" \/>\n\t<meta property=\"og:image:width\" content=\"448\" \/>\n\t<meta property=\"og:image:height\" content=\"312\" \/>\n\t<meta property=\"og:image:type\" content=\"image\/jpeg\" \/>\n<meta name=\"author\" content=\"Christiane Stein\" \/>\n<meta name=\"twitter:label1\" content=\"Verfasst von\" \/>\n\t<meta name=\"twitter:data1\" content=\"Christiane Stein\" \/>\n\t<meta name=\"twitter:label2\" content=\"Gesch\u00e4tzte Lesezeit\" \/>\n\t<meta name=\"twitter:data2\" content=\"2 Minuten\" \/>\n<script type=\"application\/ld+json\" class=\"yoast-schema-graph\">{\"@context\":\"https:\/\/schema.org\",\"@graph\":[{\"@type\":\"WebPage\",\"@id\":\"https:\/\/www.tafeldeko.de\/news\/tolle-tischdeko-fuer-den-geburtstag\/\",\"url\":\"https:\/\/www.tafeldeko.de\/news\/tolle-tischdeko-fuer-den-geburtstag\/\",\"name\":\"Tolle Tischdeko f\u00fcr den Geburtstag - Tafeldeko\",\"isPartOf\":{\"@id\":\"https:\/\/www.tafeldeko.de\/news\/#website\"},\"datePublished\":\"2012-03-21T18:56:22+00:00\",\"dateModified\":\"2012-03-21T18:56:22+00:00\",\"author\":{\"@id\":\"https:\/\/www.tafeldeko.de\/news\/#\/schema\/person\/d2acd86447ed0b6336089a8ba83164a0\"},\"description\":\"Eine tolle Tischdeko ist bei einer Feier sozusagen die \\\"halbe Miete\\\". Arrangieren Sie farbenfroh, mit sch&#xF6;nen Elementen.\",\"breadcrumb\":{\"@id\":\"https:\/\/www.tafeldeko.de\/news\/tolle-tischdeko-fuer-den-geburtstag\/#breadcrumb\"},\"inLanguage\":\"de-DE\",\"potentialAction\":[{\"@type\":\"ReadAction\",\"target\":[\"https:\/\/www.tafeldeko.de\/news\/tolle-tischdeko-fuer-den-geburtstag\/\"]}]},{\"@type\":\"BreadcrumbList\",\"@id\":\"https:\/\/www.tafeldeko.de\/news\/tolle-tischdeko-fuer-den-geburtstag\/#breadcrumb\",\"itemListElement\":[{\"@type\":\"ListItem\",\"position\":1,\"name\":\"Tafeldeko\",\"item\":\"https:\/\/www.tafeldeko.de\/news\/\"},{\"@type\":\"ListItem\",\"position\":2,\"name\":\"Alte Beitr\u00e4ge\",\"item\":\"https:\/\/www.tafeldeko.de\/news\/alte-beitraege\/\"},{\"@type\":\"ListItem\",\"position\":3,\"name\":\"Tischdeko - Blog\",\"item\":\"https:\/\/www.tafeldeko.de\/news\/alte-beitraege\/tischdeko-blog\/\"},{\"@type\":\"ListItem\",\"position\":4,\"name\":\"Tolle Tischdeko f\u00fcr den Geburtstag\"}]},{\"@type\":\"WebSite\",\"@id\":\"https:\/\/www.tafeldeko.de\/news\/#website\",\"url\":\"https:\/\/www.tafeldeko.de\/news\/\",\"name\":\"Tafeldeko\",\"description\":\"Blog mit Tischdeko und Tischdekoration Ideen\",\"potentialAction\":[{\"@type\":\"SearchAction\",\"target\":{\"@type\":\"EntryPoint\",\"urlTemplate\":\"https:\/\/www.tafeldeko.de\/news\/?s={search_term_string}\"},\"query-input\":\"required name=search_term_string\"}],\"inLanguage\":\"de-DE\"},{\"@type\":\"Person\",\"@id\":\"https:\/\/www.tafeldeko.de\/news\/#\/schema\/person\/d2acd86447ed0b6336089a8ba83164a0\",\"name\":\"Christiane Stein\",\"image\":{\"@type\":\"ImageObject\",\"inLanguage\":\"de-DE\",\"@id\":\"https:\/\/www.tafeldeko.de\/news\/#\/schema\/person\/image\/\",\"url\":\"https:\/\/secure.gravatar.com\/avatar\/2054729fbfd1ebc9d3cf1fd55361d0b6?s=96&d=mm&r=g\",\"contentUrl\":\"https:\/\/secure.gravatar.com\/avatar\/2054729fbfd1ebc9d3cf1fd55361d0b6?s=96&d=mm&r=g\",\"caption\":\"Christiane Stein\"}}]}<\/script>\n<!-- \/ Yoast SEO plugin. -->","yoast_head_json":{"title":"Tolle Tischdeko f\u00fcr den Geburtstag - Tafeldeko","description":"Eine tolle Tischdeko ist bei einer Feier sozusagen die \"halbe Miete\". Arrangieren Sie farbenfroh, mit sch&#xF6;nen Elementen.","robots":{"index":"index","follow":"follow","max-snippet":"max-snippet:-1","max-image-preview":"max-image-preview:large","max-video-preview":"max-video-preview:-1"},"canonical":"https:\/\/www.tafeldeko.de\/news\/tolle-tischdeko-fuer-den-geburtstag\/","og_locale":"de_DE","og_type":"article","og_title":"Tolle Tischdeko f\u00fcr den Geburtstag - Tafeldeko","og_description":"Eine tolle Tischdeko ist bei einer Feier sozusagen die \"halbe Miete\". Arrangieren Sie farbenfroh, mit sch&#xF6;nen Elementen.","og_url":"https:\/\/www.tafeldeko.de\/news\/tolle-tischdeko-fuer-den-geburtstag\/","og_site_name":"Tafeldeko","article_publisher":"https:\/\/www.facebook.com\/pages\/Tafeldeko-einzigartige-Tischdekoration\/174202655894","article_published_time":"2012-03-21T18:56:22+00:00","og_image":[{"width":448,"height":312,"url":"https:\/\/www.tafeldeko.de\/news\/wp-content\/uploads\/2014\/09\/gebu_zartgruen.jpg","type":"image\/jpeg"}],"author":"Christiane Stein","twitter_misc":{"Verfasst von":"Christiane Stein","Gesch\u00e4tzte Lesezeit":"2 Minuten"},"schema":{"@context":"https:\/\/schema.org","@graph":[{"@type":"WebPage","@id":"https:\/\/www.tafeldeko.de\/news\/tolle-tischdeko-fuer-den-geburtstag\/","url":"https:\/\/www.tafeldeko.de\/news\/tolle-tischdeko-fuer-den-geburtstag\/","name":"Tolle Tischdeko f\u00fcr den Geburtstag - Tafeldeko","isPartOf":{"@id":"https:\/\/www.tafeldeko.de\/news\/#website"},"datePublished":"2012-03-21T18:56:22+00:00","dateModified":"2012-03-21T18:56:22+00:00","author":{"@id":"https:\/\/www.tafeldeko.de\/news\/#\/schema\/person\/d2acd86447ed0b6336089a8ba83164a0"},"description":"Eine tolle Tischdeko ist bei einer Feier sozusagen die \"halbe Miete\". Arrangieren Sie farbenfroh, mit sch&#xF6;nen Elementen.","breadcrumb":{"@id":"https:\/\/www.tafeldeko.de\/news\/tolle-tischdeko-fuer-den-geburtstag\/#breadcrumb"},"inLanguage":"de-DE","potentialAction":[{"@type":"ReadAction","target":["https:\/\/www.tafeldeko.de\/news\/tolle-tischdeko-fuer-den-geburtstag\/"]}]},{"@type":"BreadcrumbList","@id":"https:\/\/www.tafeldeko.de\/news\/tolle-tischdeko-fuer-den-geburtstag\/#breadcrumb","itemListElement":[{"@type":"ListItem","position":1,"name":"Tafeldeko","item":"https:\/\/www.tafeldeko.de\/news\/"},{"@type":"ListItem","position":2,"name":"Alte Beitr\u00e4ge","item":"https:\/\/www.tafeldeko.de\/news\/alte-beitraege\/"},{"@type":"ListItem","position":3,"name":"Tischdeko - Blog","item":"https:\/\/www.tafeldeko.de\/news\/alte-beitraege\/tischdeko-blog\/"},{"@type":"ListItem","position":4,"name":"Tolle Tischdeko f\u00fcr den Geburtstag"}]},{"@type":"WebSite","@id":"https:\/\/www.tafeldeko.de\/news\/#website","url":"https:\/\/www.tafeldeko.de\/news\/","name":"Tafeldeko","description":"Blog mit Tischdeko und Tischdekoration Ideen","potentialAction":[{"@type":"SearchAction","target":{"@type":"EntryPoint","urlTemplate":"https:\/\/www.tafeldeko.de\/news\/?s={search_term_string}"},"query-input":"required name=search_term_string"}],"inLanguage":"de-DE"},{"@type":"Person","@id":"https:\/\/www.tafeldeko.de\/news\/#\/schema\/person\/d2acd86447ed0b6336089a8ba83164a0","name":"Christiane Stein","image":{"@type":"ImageObject","inLanguage":"de-DE","@id":"https:\/\/www.tafeldeko.de\/news\/#\/schema\/person\/image\/","url":"https:\/\/secure.gravatar.com\/avatar\/2054729fbfd1ebc9d3cf1fd55361d0b6?s=96&d=mm&r=g","contentUrl":"https:\/\/secure.gravatar.com\/avatar\/2054729fbfd1ebc9d3cf1fd55361d0b6?s=96&d=mm&r=g","caption":"Christiane Stein"}}]}},"_links":{"self":[{"href":"https:\/\/www.tafeldeko.de\/news\/wp-json\/wp\/v2\/posts\/1065"}],"collection":[{"href":"https:\/\/www.tafeldeko.de\/news\/wp-json\/wp\/v2\/posts"}],"about":[{"href":"https:\/\/www.tafeldeko.de\/news\/wp-json\/wp\/v2\/types\/post"}],"author":[{"embeddable":true,"href":"https:\/\/www.tafeldeko.de\/news\/wp-json\/wp\/v2\/users\/2"}],"replies":[{"embeddable":true,"href":"https:\/\/www.tafeldeko.de\/news\/wp-json\/wp\/v2\/comments?post=1065"}],"version-history":[{"count":0,"href":"https:\/\/www.tafeldeko.de\/news\/wp-json\/wp\/v2\/posts\/1065\/revisions"}],"wp:featuredmedia":[{"embeddable":true,"href":"https:\/\/www.tafeldeko.de\/news\/wp-json\/wp\/v2\/media\/1066"}],"wp:attachment":[{"href":"https:\/\/www.tafeldeko.de\/news\/wp-json\/wp\/v2\/media?parent=1065"}],"wp:term":[{"taxonomy":"category","embeddable":true,"href":"https:\/\/www.tafeldeko.de\/news\/wp-json\/wp\/v2\/categories?post=1065"},{"taxonomy":"post_tag","embeddable":true,"href":"https:\/\/www.tafeldeko.de\/news\/wp-json\/wp\/v2\/tags?post=1065"}],"curies":[{"name":"wp","href":"https:\/\/api.w.org\/{rel}","templated":true}]}}