{"id":1063,"date":"2012-03-20T21:25:06","date_gmt":"2012-03-20T19:25:06","guid":{"rendered":"http:\/\/www.tafeldeko.de\/news\/?p=1063"},"modified":"2012-03-20T21:25:06","modified_gmt":"2012-03-20T19:25:06","slug":"farbenfrohe-tischdeko-fuer-die-naechste-feier","status":"publish","type":"post","link":"https:\/\/www.tafeldeko.de\/news\/farbenfrohe-tischdeko-fuer-die-naechste-feier\/","title":{"rendered":"Farbenfrohe Tischdeko f\u00fcr die n\u00e4chste Feier"},"content":{"rendered":"<div class=\"textumfliessenrechts\"><img decoding=\"async\" loading=\"lazy\" src=\"https:\/\/www.tafeldeko.de\/news\/media\/users\/schnurchristian\/duni_grinda.jpg\" alt=\"Duni Grinda\" title=\"Duni Grinda\" width=\"160\" height=\"160\" \/><br \/><a href=\"https:\/\/www.tafeldeko.de\/index.php\/cat\/c726_Tischsets.html\" title=\"farbenfrohe Tischdeko\"><b>farbenfrohe Tischdeko<\/b><\/a><\/div>\n<p> Gr\u00fcnde zum Feiern gibt es \u00fcber das Jahr gesehen viele. Und bei diesen Festivit\u00e4ten spielt die Tischdeko eine entscheidende und wichtige Rolle. Wer bei den G\u00e4sten zum einen sozusagen &#8220;Eindruck schinden&#8221; m\u00f6chte und nat\u00fcrlich auch das Gef\u00fchl vermitteln m\u00f6chte, dass sie herzlich willkommen sind, stattet die Feier mit einer sch\u00f6nen Tischdeko aus.<br \/>\nIn den fr\u00fcheren Jahren z\u00e4hlten eine Tischdecke und die Mundt\u00fccher zu der Tischdekoration, gegebenenfalls sorgten Kerzen f\u00fcr das notwendige Licht. Heute dienen die Kerzen der <b>stimmungsvollen Atmosph\u00e4re<\/b>.<br \/>\nVor allen Dingen bieten die heutigen Accessoires sehr viele M\u00f6glichkeiten, eine Tischdeko beeindruckend auszustatten. Vor allen in Punkto Farben ist die Palette breit gef\u00e4chert. Ob leuchtend und erfrischend in satten Farbt\u00f6nen wie gelb, orange, lila und gr\u00fcn oder edel und anmutig in silber, gold und wei\u00df &#8211; die ausgew\u00e4hlten Farben der Tischdeko geben jeder Tafel das gewisse Etwas.<br \/>\nGerade in den Fr\u00fchlings- und Sommermonaten, in denen alles bl\u00fcht und gedeiht, die Wiesen saftig gr\u00fcn leuchten und die verschiedensten Fr\u00fchlings- und Sommerblumen in den Wiesen und Vorg\u00e4rten zu sehen sind, m\u00f6chte man auch eine Tischdeko in dieser Stilrichtung ausstatten.<br \/>\n<b><a href=\"https:\/\/www.tafeldeko.de\/index.php\/cat\/c102_Alles-von-Duni.html\" title=\"Duni\">Duni<\/a><\/b> hat eine neue Serie auf den Markt gebracht, mit der man genau dies erreichen kann &#8211; wundersch\u00f6ne und farbenfrohe Tischdekorationen f\u00fcr die verschiedensten Anl\u00e4sse.<br \/>\nDuni Grinda sind die Servietten, mit denen die n\u00e4chste Tischdeko erstrahlen kann. In pink, kiwi, einem Blauton und in schwarz erh\u00e4ltlich, kann die Tischdeko erg\u00e4nzt werden.<br \/>\nVor allen bieten diese Servietten verschiedene <b>Kombinationsm\u00f6glichkeiten <\/b>&#8211; zum Beispiel wird der Tisch mit einer beigefarbenen Tischdecke belegt und die Servietten Duni Grinda in Pink setzen einen tollen Akzent innerhalb des Tisches. Eine Farbkombination, der man diese Harmonie gar nicht zutrauen w\u00fcrde. Beige und pink passt auf gewisse Weise hervorragend zusammen, wie man auf dem Bild erkennen kann. Erg\u00e4nzt mit farblich passenden <b><a href=\"https:\/\/www.tafeldeko.de\/index.php\/cat\/c1644_Keramik.html\" title=\"Vasen\">Vasen<\/a><\/b>, Flaschen oder Laternen, hat man im Handumdrehen eine sch\u00f6ne Tischdeko geschaffen.<br \/>\nGeburtstage, die n\u00e4chste Gartenparty oder das Kaffeekr\u00e4nzchen &#8211; Duni Grinda verleiht der Tischdeko das gewisse Etwas. <\/p>\n","protected":false},"excerpt":{"rendered":"<p>Gr\u00fcnde zum Feiern gibt es \u00fcber das Jahr gesehen viele. Und bei diesen Festivit\u00e4ten spielt die Tischdeko eine entscheidende und wichtige Rolle. Wer bei den G\u00e4sten zum einen sozusagen &#8220;Eindruck schinden&#8221; m\u00f6chte und nat\u00fcrlich auch das Gef\u00fchl vermitteln m\u00f6chte, dass sie herzlich willkommen sind, stattet die Feier mit einer sch\u00f6nen Tischdeko aus.<br \/>\nIn den fr\u00fcheren Jahren z\u00e4hlten eine Tischdecke und die Mundt\u00fccher zu der Tischdekoration, gegebenenfalls sorgten Kerzen f\u00fcr das notwendige Licht. Heute dienen die Kerzen der stimmungsvollen Atmosph\u00e4re.<br \/>\nVor allen Dingen bieten die heutigen Accessoires sehr viele M\u00f6glichkeiten, eine Tischdeko beeindruckend auszustatten.<\/p>\n","protected":false},"author":2,"featured_media":1064,"comment_status":"open","ping_status":"open","sticky":false,"template":"","format":"standard","meta":{"footnotes":""},"categories":[1],"tags":[],"yoast_head":"<!-- This site is optimized with the Yoast SEO plugin v20.4 - https:\/\/yoast.com\/wordpress\/plugins\/seo\/ -->\n<title>Farbenfrohe Tischdeko f\u00fcr die n\u00e4chste Feier - Tafeldeko<\/title>\n<meta name=\"description\" content=\"Die ausgew&#xE4;hlten Farben der Tischdeko geben jeder Tafel das gewisse Etwas - zu jeder Jahreszeit, zu jedem Anlass.\" \/>\n<meta name=\"robots\" content=\"index, follow, max-snippet:-1, max-image-preview:large, max-video-preview:-1\" \/>\n<link rel=\"canonical\" href=\"https:\/\/www.tafeldeko.de\/news\/farbenfrohe-tischdeko-fuer-die-naechste-feier\/\" \/>\n<meta property=\"og:locale\" content=\"de_DE\" \/>\n<meta property=\"og:type\" content=\"article\" \/>\n<meta property=\"og:title\" content=\"Farbenfrohe Tischdeko f\u00fcr die n\u00e4chste Feier - Tafeldeko\" \/>\n<meta property=\"og:description\" content=\"Die ausgew&#xE4;hlten Farben der Tischdeko geben jeder Tafel das gewisse Etwas - zu jeder Jahreszeit, zu jedem Anlass.\" \/>\n<meta property=\"og:url\" content=\"https:\/\/www.tafeldeko.de\/news\/farbenfrohe-tischdeko-fuer-die-naechste-feier\/\" \/>\n<meta property=\"og:site_name\" content=\"Tafeldeko\" \/>\n<meta property=\"article:publisher\" content=\"https:\/\/www.facebook.com\/pages\/Tafeldeko-einzigartige-Tischdekoration\/174202655894\" \/>\n<meta property=\"article:published_time\" content=\"2012-03-20T19:25:06+00:00\" \/>\n<meta property=\"og:image\" content=\"https:\/\/www.tafeldeko.de\/news\/wp-content\/uploads\/2014\/09\/duni_grinda.jpg\" \/>\n\t<meta property=\"og:image:width\" content=\"160\" \/>\n\t<meta property=\"og:image:height\" content=\"160\" \/>\n\t<meta property=\"og:image:type\" content=\"image\/jpeg\" \/>\n<meta name=\"author\" content=\"Christiane Stein\" \/>\n<meta name=\"twitter:label1\" content=\"Verfasst von\" \/>\n\t<meta name=\"twitter:data1\" content=\"Christiane Stein\" \/>\n\t<meta name=\"twitter:label2\" content=\"Gesch\u00e4tzte Lesezeit\" \/>\n\t<meta name=\"twitter:data2\" content=\"2 Minuten\" \/>\n<script type=\"application\/ld+json\" class=\"yoast-schema-graph\">{\"@context\":\"https:\/\/schema.org\",\"@graph\":[{\"@type\":\"WebPage\",\"@id\":\"https:\/\/www.tafeldeko.de\/news\/farbenfrohe-tischdeko-fuer-die-naechste-feier\/\",\"url\":\"https:\/\/www.tafeldeko.de\/news\/farbenfrohe-tischdeko-fuer-die-naechste-feier\/\",\"name\":\"Farbenfrohe Tischdeko f\u00fcr die n\u00e4chste Feier - Tafeldeko\",\"isPartOf\":{\"@id\":\"https:\/\/www.tafeldeko.de\/news\/#website\"},\"datePublished\":\"2012-03-20T19:25:06+00:00\",\"dateModified\":\"2012-03-20T19:25:06+00:00\",\"author\":{\"@id\":\"https:\/\/www.tafeldeko.de\/news\/#\/schema\/person\/d2acd86447ed0b6336089a8ba83164a0\"},\"description\":\"Die ausgew&#xE4;hlten Farben der Tischdeko geben jeder Tafel das gewisse Etwas - zu jeder Jahreszeit, zu jedem Anlass.\",\"breadcrumb\":{\"@id\":\"https:\/\/www.tafeldeko.de\/news\/farbenfrohe-tischdeko-fuer-die-naechste-feier\/#breadcrumb\"},\"inLanguage\":\"de-DE\",\"potentialAction\":[{\"@type\":\"ReadAction\",\"target\":[\"https:\/\/www.tafeldeko.de\/news\/farbenfrohe-tischdeko-fuer-die-naechste-feier\/\"]}]},{\"@type\":\"BreadcrumbList\",\"@id\":\"https:\/\/www.tafeldeko.de\/news\/farbenfrohe-tischdeko-fuer-die-naechste-feier\/#breadcrumb\",\"itemListElement\":[{\"@type\":\"ListItem\",\"position\":1,\"name\":\"Tafeldeko\",\"item\":\"https:\/\/www.tafeldeko.de\/news\/\"},{\"@type\":\"ListItem\",\"position\":2,\"name\":\"Alte Beitr\u00e4ge\",\"item\":\"https:\/\/www.tafeldeko.de\/news\/alte-beitraege\/\"},{\"@type\":\"ListItem\",\"position\":3,\"name\":\"Tischdeko - Blog\",\"item\":\"https:\/\/www.tafeldeko.de\/news\/alte-beitraege\/tischdeko-blog\/\"},{\"@type\":\"ListItem\",\"position\":4,\"name\":\"Farbenfrohe Tischdeko f\u00fcr die n\u00e4chste Feier\"}]},{\"@type\":\"WebSite\",\"@id\":\"https:\/\/www.tafeldeko.de\/news\/#website\",\"url\":\"https:\/\/www.tafeldeko.de\/news\/\",\"name\":\"Tafeldeko\",\"description\":\"Blog mit Tischdeko und Tischdekoration Ideen\",\"potentialAction\":[{\"@type\":\"SearchAction\",\"target\":{\"@type\":\"EntryPoint\",\"urlTemplate\":\"https:\/\/www.tafeldeko.de\/news\/?s={search_term_string}\"},\"query-input\":\"required name=search_term_string\"}],\"inLanguage\":\"de-DE\"},{\"@type\":\"Person\",\"@id\":\"https:\/\/www.tafeldeko.de\/news\/#\/schema\/person\/d2acd86447ed0b6336089a8ba83164a0\",\"name\":\"Christiane Stein\",\"image\":{\"@type\":\"ImageObject\",\"inLanguage\":\"de-DE\",\"@id\":\"https:\/\/www.tafeldeko.de\/news\/#\/schema\/person\/image\/\",\"url\":\"https:\/\/secure.gravatar.com\/avatar\/2054729fbfd1ebc9d3cf1fd55361d0b6?s=96&d=mm&r=g\",\"contentUrl\":\"https:\/\/secure.gravatar.com\/avatar\/2054729fbfd1ebc9d3cf1fd55361d0b6?s=96&d=mm&r=g\",\"caption\":\"Christiane Stein\"}}]}<\/script>\n<!-- \/ Yoast SEO plugin. -->","yoast_head_json":{"title":"Farbenfrohe Tischdeko f\u00fcr die n\u00e4chste Feier - Tafeldeko","description":"Die ausgew&#xE4;hlten Farben der Tischdeko geben jeder Tafel das gewisse Etwas - zu jeder Jahreszeit, zu jedem Anlass.","robots":{"index":"index","follow":"follow","max-snippet":"max-snippet:-1","max-image-preview":"max-image-preview:large","max-video-preview":"max-video-preview:-1"},"canonical":"https:\/\/www.tafeldeko.de\/news\/farbenfrohe-tischdeko-fuer-die-naechste-feier\/","og_locale":"de_DE","og_type":"article","og_title":"Farbenfrohe Tischdeko f\u00fcr die n\u00e4chste Feier - Tafeldeko","og_description":"Die ausgew&#xE4;hlten Farben der Tischdeko geben jeder Tafel das gewisse Etwas - zu jeder Jahreszeit, zu jedem Anlass.","og_url":"https:\/\/www.tafeldeko.de\/news\/farbenfrohe-tischdeko-fuer-die-naechste-feier\/","og_site_name":"Tafeldeko","article_publisher":"https:\/\/www.facebook.com\/pages\/Tafeldeko-einzigartige-Tischdekoration\/174202655894","article_published_time":"2012-03-20T19:25:06+00:00","og_image":[{"width":160,"height":160,"url":"https:\/\/www.tafeldeko.de\/news\/wp-content\/uploads\/2014\/09\/duni_grinda.jpg","type":"image\/jpeg"}],"author":"Christiane Stein","twitter_misc":{"Verfasst von":"Christiane Stein","Gesch\u00e4tzte Lesezeit":"2 Minuten"},"schema":{"@context":"https:\/\/schema.org","@graph":[{"@type":"WebPage","@id":"https:\/\/www.tafeldeko.de\/news\/farbenfrohe-tischdeko-fuer-die-naechste-feier\/","url":"https:\/\/www.tafeldeko.de\/news\/farbenfrohe-tischdeko-fuer-die-naechste-feier\/","name":"Farbenfrohe Tischdeko f\u00fcr die n\u00e4chste Feier - Tafeldeko","isPartOf":{"@id":"https:\/\/www.tafeldeko.de\/news\/#website"},"datePublished":"2012-03-20T19:25:06+00:00","dateModified":"2012-03-20T19:25:06+00:00","author":{"@id":"https:\/\/www.tafeldeko.de\/news\/#\/schema\/person\/d2acd86447ed0b6336089a8ba83164a0"},"description":"Die ausgew&#xE4;hlten Farben der Tischdeko geben jeder Tafel das gewisse Etwas - zu jeder Jahreszeit, zu jedem Anlass.","breadcrumb":{"@id":"https:\/\/www.tafeldeko.de\/news\/farbenfrohe-tischdeko-fuer-die-naechste-feier\/#breadcrumb"},"inLanguage":"de-DE","potentialAction":[{"@type":"ReadAction","target":["https:\/\/www.tafeldeko.de\/news\/farbenfrohe-tischdeko-fuer-die-naechste-feier\/"]}]},{"@type":"BreadcrumbList","@id":"https:\/\/www.tafeldeko.de\/news\/farbenfrohe-tischdeko-fuer-die-naechste-feier\/#breadcrumb","itemListElement":[{"@type":"ListItem","position":1,"name":"Tafeldeko","item":"https:\/\/www.tafeldeko.de\/news\/"},{"@type":"ListItem","position":2,"name":"Alte Beitr\u00e4ge","item":"https:\/\/www.tafeldeko.de\/news\/alte-beitraege\/"},{"@type":"ListItem","position":3,"name":"Tischdeko - Blog","item":"https:\/\/www.tafeldeko.de\/news\/alte-beitraege\/tischdeko-blog\/"},{"@type":"ListItem","position":4,"name":"Farbenfrohe Tischdeko f\u00fcr die n\u00e4chste Feier"}]},{"@type":"WebSite","@id":"https:\/\/www.tafeldeko.de\/news\/#website","url":"https:\/\/www.tafeldeko.de\/news\/","name":"Tafeldeko","description":"Blog mit Tischdeko und Tischdekoration Ideen","potentialAction":[{"@type":"SearchAction","target":{"@type":"EntryPoint","urlTemplate":"https:\/\/www.tafeldeko.de\/news\/?s={search_term_string}"},"query-input":"required name=search_term_string"}],"inLanguage":"de-DE"},{"@type":"Person","@id":"https:\/\/www.tafeldeko.de\/news\/#\/schema\/person\/d2acd86447ed0b6336089a8ba83164a0","name":"Christiane Stein","image":{"@type":"ImageObject","inLanguage":"de-DE","@id":"https:\/\/www.tafeldeko.de\/news\/#\/schema\/person\/image\/","url":"https:\/\/secure.gravatar.com\/avatar\/2054729fbfd1ebc9d3cf1fd55361d0b6?s=96&d=mm&r=g","contentUrl":"https:\/\/secure.gravatar.com\/avatar\/2054729fbfd1ebc9d3cf1fd55361d0b6?s=96&d=mm&r=g","caption":"Christiane Stein"}}]}},"_links":{"self":[{"href":"https:\/\/www.tafeldeko.de\/news\/wp-json\/wp\/v2\/posts\/1063"}],"collection":[{"href":"https:\/\/www.tafeldeko.de\/news\/wp-json\/wp\/v2\/posts"}],"about":[{"href":"https:\/\/www.tafeldeko.de\/news\/wp-json\/wp\/v2\/types\/post"}],"author":[{"embeddable":true,"href":"https:\/\/www.tafeldeko.de\/news\/wp-json\/wp\/v2\/users\/2"}],"replies":[{"embeddable":true,"href":"https:\/\/www.tafeldeko.de\/news\/wp-json\/wp\/v2\/comments?post=1063"}],"version-history":[{"count":0,"href":"https:\/\/www.tafeldeko.de\/news\/wp-json\/wp\/v2\/posts\/1063\/revisions"}],"wp:featuredmedia":[{"embeddable":true,"href":"https:\/\/www.tafeldeko.de\/news\/wp-json\/wp\/v2\/media\/1064"}],"wp:attachment":[{"href":"https:\/\/www.tafeldeko.de\/news\/wp-json\/wp\/v2\/media?parent=1063"}],"wp:term":[{"taxonomy":"category","embeddable":true,"href":"https:\/\/www.tafeldeko.de\/news\/wp-json\/wp\/v2\/categories?post=1063"},{"taxonomy":"post_tag","embeddable":true,"href":"https:\/\/www.tafeldeko.de\/news\/wp-json\/wp\/v2\/tags?post=1063"}],"curies":[{"name":"wp","href":"https:\/\/api.w.org\/{rel}","templated":true}]}}