{"id":1059,"date":"2012-03-14T20:20:18","date_gmt":"2012-03-14T18:20:18","guid":{"rendered":"http:\/\/www.tafeldeko.de\/news\/?p=1059"},"modified":"2012-03-14T20:20:18","modified_gmt":"2012-03-14T18:20:18","slug":"die-geburtstags-tischdeko-eindrucksvoll-stimmungsvoll-und-wundervoll","status":"publish","type":"post","link":"https:\/\/www.tafeldeko.de\/news\/die-geburtstags-tischdeko-eindrucksvoll-stimmungsvoll-und-wundervoll\/","title":{"rendered":"Die Geburtstags Tischdeko &#8211; eindrucksvoll, stimmungsvoll und wundervoll"},"content":{"rendered":"<div class=\"textumfliessenrechts\"><img decoding=\"async\" loading=\"lazy\" src=\"https:\/\/www.tafeldeko.de\/news\/media\/users\/schnurchristian\/gebu_gelb_neu.jpg\" alt=\"Geburtstags Tischdeko\" title=\"Geburtstags Tischdeko\" width=\"318\" height=\"204\" \/><br \/><a href=\"https:\/\/www.tafeldeko.de\/mustertische\/index.php?t=2&#038;c=7&#038;lang=2\" title=\"Geburtstags Tischdeko\"><b>Geburtstags Tischdeko<\/b><\/a><\/div>\n<p> <b>Geburtstage <\/b>&#8211; sie sind stets Anl\u00e4sse, mit einer Feier diesen Tag zu begehen. Im Kreise der Liebsten, sprich der Familie und Freunde, wird der Tag der Geburt gefeiert. Jahr f\u00fcr Jahr, wieder ein J\u00e4hrchen \u00e4lter und garantiert auch erfahrener, kommt der Geburtstag.<br \/>\nJe nach Art des Jubil\u00e4ums f\u00e4llt die Feier entsprechend aus.<br \/>\nRunde Geburtstage oder &#8211; ab einem gewissen Alter auch die 5er-Zahlen &#8211; werden gr\u00f6\u00dfer gefeiert, die &#8220;normalen&#8221; im kleineren Rahmen. Geburtstage wie der 60., 70. oder 75. Geburtstag &#8211; ehrenvolle Tage, die eine Feier im gr\u00f6\u00dferen Stil mit sich bringen. Ob zu Hause oder im Restaurant, bei der Geburtstagsfeier gilt: keine Feier ohne <b><a href=\"https:\/\/www.tafeldeko.de\" title=\"Tischdeko\">Tischdeko<\/a><\/b>!<br \/>\nSch\u00f6n dekorierte und eingedeckte Tische vermitteln jedem einzelnen Gast einen angenehmen Rahmen, in dem es sich feiern l\u00e4sst.<br \/>\nDie Geburtstags Tischdeko &#8211; eindrucksvoll, stimmungsvoll und wirkungsvoll.<br \/>\nWenn Ihre Geburtstags Tischdeko bei der n\u00e4chsten Geburtstagsfeier genau so aussehen soll, haben wir f\u00fcr Sie genau das Richtige.<br \/>\nDie Geburtstags Tischdeko bei dem Mustertisch steht ganz im Zeichen von gelb und silber. Kr\u00e4ftiges Gelb gepaart mit Silber ergibt eine Wirkung, die bei den G\u00e4sten Eindruck macht und so die Basis f\u00fcr eine sch\u00f6ne Geburtstagsfeier schafft.<br \/>\nGraue <b><a href=\"https:\/\/www.tafeldeko.de\/index.php\/cat\/c2026_Tischl%C3%A4ufer.html\" title=\"Tischl\u00e4ufer\">Tischl\u00e4ufer<\/a><\/b>, in Kombination mit gelben Sizoweb Tischband, Organzaband in gelb und einer gr\u00fcnen Buchsgirlande, ergeben einen tollen Blickfang in der Tischmitte. Erg\u00e4nzt wird dieses Arrangement mit gelben Rattankugeln, Acrylbl\u00fcten und Raindrops Deko Tautropfen. Um noch etwas mehr Silber in die Tischdeko einzubringen, werden silberne Dekoherzen wahllos auf dem Tisch drapiert.<br \/>\nF\u00fcr das <b>stimmungsvolle Licht<\/b> sorgen gelbe Stumpenkerzen in h\u00f6heren Kerzengl\u00e4sern, die mit gelben Raindrops Deko Tautropfen bef\u00fcllt wurden.<br \/>\nF\u00fcr das wundervolle Aussehen sorgen gelbe und silberne Servietten, die durch einfaches Aufeinanderlegen und Falten zu einem weiteren sch\u00f6nen Blickfang auf dem Geburtstagstisch werden.<br \/>\nUnd diese Geburtstags Tischdeko passt zu jedem Alter &#8211; gar keine Frage.<br \/>\nWir w\u00fcnschen Ihnen eine sch\u00f6ne Geburtstagsfeier und viele weitere Jahre im Kreise Ihrer Lieben. <\/p>\n","protected":false},"excerpt":{"rendered":"<p>Geburtstage &#8211; sie sind stets Anl\u00e4sse, mit einer Feier diesen Tag zu begehen. Im Kreise der Liebsten, sprich der Familie und Freunde, wird der Tag der Geburt gefeiert. Jahr f\u00fcr Jahr, wieder ein J\u00e4hrchen \u00e4lter und garantiert auch erfahrener, kommt der Geburtstag.<br \/>\nJe nach Art des Jubil\u00e4ums f\u00e4llt die Feier entsprechend aus.<br \/>\nRunde Geburtstage oder &#8211; ab einem gewissen Alter auch die 5er-Zahlen &#8211; werden gr\u00f6\u00dfer gefeiert, die &#8220;normalen&#8221; im kleineren Rahmen. Geburtstage wie der 60., 70. oder 75. Geburtstag &#8211; ehrenvolle Tage, die eine Feier im gr\u00f6\u00dferen Stil mit sich bringen. Ob zu Hause oder im Restaurant, bei der Geburtstagsfeier gilt: keine Feier ohne !<br \/>\nSch\u00f6n dekorierte und eingedeckte Tische vermitteln jedem einzelnen Gast einen angenehmen Rahmen, in dem es sich feiern l\u00e4sst.<br \/>\nDie Geburtstags Tischdeko &#8211; eindrucksvoll, stimmungsvoll und wirkungsvoll.<\/p>\n","protected":false},"author":2,"featured_media":1060,"comment_status":"open","ping_status":"open","sticky":false,"template":"","format":"standard","meta":{"footnotes":""},"categories":[1],"tags":[],"yoast_head":"<!-- This site is optimized with the Yoast SEO plugin v20.4 - https:\/\/yoast.com\/wordpress\/plugins\/seo\/ -->\n<title>Die Geburtstags Tischdeko - eindrucksvoll, stimmungsvoll und wundervoll - Tafeldeko<\/title>\n<meta name=\"description\" content=\"Die Geburtstags Tischdeko - eindrucksvoll, stimmungsvoll und wirkungsvoll. F&#xFC;r das wundervolle Aussehen sorgen gelbe und silberne Servietten.\" \/>\n<meta name=\"robots\" content=\"index, follow, max-snippet:-1, max-image-preview:large, max-video-preview:-1\" \/>\n<link rel=\"canonical\" href=\"https:\/\/www.tafeldeko.de\/news\/die-geburtstags-tischdeko-eindrucksvoll-stimmungsvoll-und-wundervoll\/\" \/>\n<meta property=\"og:locale\" content=\"de_DE\" \/>\n<meta property=\"og:type\" content=\"article\" \/>\n<meta property=\"og:title\" content=\"Die Geburtstags Tischdeko - eindrucksvoll, stimmungsvoll und wundervoll - Tafeldeko\" \/>\n<meta property=\"og:description\" content=\"Die Geburtstags Tischdeko - eindrucksvoll, stimmungsvoll und wirkungsvoll. F&#xFC;r das wundervolle Aussehen sorgen gelbe und silberne Servietten.\" \/>\n<meta property=\"og:url\" content=\"https:\/\/www.tafeldeko.de\/news\/die-geburtstags-tischdeko-eindrucksvoll-stimmungsvoll-und-wundervoll\/\" \/>\n<meta property=\"og:site_name\" content=\"Tafeldeko\" \/>\n<meta property=\"article:publisher\" content=\"https:\/\/www.facebook.com\/pages\/Tafeldeko-einzigartige-Tischdekoration\/174202655894\" \/>\n<meta property=\"article:published_time\" content=\"2012-03-14T18:20:18+00:00\" \/>\n<meta property=\"og:image\" content=\"https:\/\/www.tafeldeko.de\/news\/wp-content\/uploads\/2014\/09\/gebu_gelb_neu.jpg\" \/>\n\t<meta property=\"og:image:width\" content=\"448\" \/>\n\t<meta property=\"og:image:height\" content=\"314\" \/>\n\t<meta property=\"og:image:type\" content=\"image\/jpeg\" \/>\n<meta name=\"author\" content=\"Christiane Stein\" \/>\n<meta name=\"twitter:label1\" content=\"Verfasst von\" \/>\n\t<meta name=\"twitter:data1\" content=\"Christiane Stein\" \/>\n\t<meta name=\"twitter:label2\" content=\"Gesch\u00e4tzte Lesezeit\" \/>\n\t<meta name=\"twitter:data2\" content=\"2 Minuten\" \/>\n<script type=\"application\/ld+json\" class=\"yoast-schema-graph\">{\"@context\":\"https:\/\/schema.org\",\"@graph\":[{\"@type\":\"WebPage\",\"@id\":\"https:\/\/www.tafeldeko.de\/news\/die-geburtstags-tischdeko-eindrucksvoll-stimmungsvoll-und-wundervoll\/\",\"url\":\"https:\/\/www.tafeldeko.de\/news\/die-geburtstags-tischdeko-eindrucksvoll-stimmungsvoll-und-wundervoll\/\",\"name\":\"Die Geburtstags Tischdeko - eindrucksvoll, stimmungsvoll und wundervoll - Tafeldeko\",\"isPartOf\":{\"@id\":\"https:\/\/www.tafeldeko.de\/news\/#website\"},\"datePublished\":\"2012-03-14T18:20:18+00:00\",\"dateModified\":\"2012-03-14T18:20:18+00:00\",\"author\":{\"@id\":\"https:\/\/www.tafeldeko.de\/news\/#\/schema\/person\/d2acd86447ed0b6336089a8ba83164a0\"},\"description\":\"Die Geburtstags Tischdeko - eindrucksvoll, stimmungsvoll und wirkungsvoll. F&#xFC;r das wundervolle Aussehen sorgen gelbe und silberne Servietten.\",\"breadcrumb\":{\"@id\":\"https:\/\/www.tafeldeko.de\/news\/die-geburtstags-tischdeko-eindrucksvoll-stimmungsvoll-und-wundervoll\/#breadcrumb\"},\"inLanguage\":\"de-DE\",\"potentialAction\":[{\"@type\":\"ReadAction\",\"target\":[\"https:\/\/www.tafeldeko.de\/news\/die-geburtstags-tischdeko-eindrucksvoll-stimmungsvoll-und-wundervoll\/\"]}]},{\"@type\":\"BreadcrumbList\",\"@id\":\"https:\/\/www.tafeldeko.de\/news\/die-geburtstags-tischdeko-eindrucksvoll-stimmungsvoll-und-wundervoll\/#breadcrumb\",\"itemListElement\":[{\"@type\":\"ListItem\",\"position\":1,\"name\":\"Tafeldeko\",\"item\":\"https:\/\/www.tafeldeko.de\/news\/\"},{\"@type\":\"ListItem\",\"position\":2,\"name\":\"Alte Beitr\u00e4ge\",\"item\":\"https:\/\/www.tafeldeko.de\/news\/alte-beitraege\/\"},{\"@type\":\"ListItem\",\"position\":3,\"name\":\"Tischdeko - Blog\",\"item\":\"https:\/\/www.tafeldeko.de\/news\/alte-beitraege\/tischdeko-blog\/\"},{\"@type\":\"ListItem\",\"position\":4,\"name\":\"Die Geburtstags Tischdeko &#8211; eindrucksvoll, stimmungsvoll und wundervoll\"}]},{\"@type\":\"WebSite\",\"@id\":\"https:\/\/www.tafeldeko.de\/news\/#website\",\"url\":\"https:\/\/www.tafeldeko.de\/news\/\",\"name\":\"Tafeldeko\",\"description\":\"Blog mit Tischdeko und Tischdekoration Ideen\",\"potentialAction\":[{\"@type\":\"SearchAction\",\"target\":{\"@type\":\"EntryPoint\",\"urlTemplate\":\"https:\/\/www.tafeldeko.de\/news\/?s={search_term_string}\"},\"query-input\":\"required name=search_term_string\"}],\"inLanguage\":\"de-DE\"},{\"@type\":\"Person\",\"@id\":\"https:\/\/www.tafeldeko.de\/news\/#\/schema\/person\/d2acd86447ed0b6336089a8ba83164a0\",\"name\":\"Christiane Stein\",\"image\":{\"@type\":\"ImageObject\",\"inLanguage\":\"de-DE\",\"@id\":\"https:\/\/www.tafeldeko.de\/news\/#\/schema\/person\/image\/\",\"url\":\"https:\/\/secure.gravatar.com\/avatar\/2054729fbfd1ebc9d3cf1fd55361d0b6?s=96&d=mm&r=g\",\"contentUrl\":\"https:\/\/secure.gravatar.com\/avatar\/2054729fbfd1ebc9d3cf1fd55361d0b6?s=96&d=mm&r=g\",\"caption\":\"Christiane Stein\"}}]}<\/script>\n<!-- \/ Yoast SEO plugin. -->","yoast_head_json":{"title":"Die Geburtstags Tischdeko - eindrucksvoll, stimmungsvoll und wundervoll - Tafeldeko","description":"Die Geburtstags Tischdeko - eindrucksvoll, stimmungsvoll und wirkungsvoll. F&#xFC;r das wundervolle Aussehen sorgen gelbe und silberne Servietten.","robots":{"index":"index","follow":"follow","max-snippet":"max-snippet:-1","max-image-preview":"max-image-preview:large","max-video-preview":"max-video-preview:-1"},"canonical":"https:\/\/www.tafeldeko.de\/news\/die-geburtstags-tischdeko-eindrucksvoll-stimmungsvoll-und-wundervoll\/","og_locale":"de_DE","og_type":"article","og_title":"Die Geburtstags Tischdeko - eindrucksvoll, stimmungsvoll und wundervoll - Tafeldeko","og_description":"Die Geburtstags Tischdeko - eindrucksvoll, stimmungsvoll und wirkungsvoll. F&#xFC;r das wundervolle Aussehen sorgen gelbe und silberne Servietten.","og_url":"https:\/\/www.tafeldeko.de\/news\/die-geburtstags-tischdeko-eindrucksvoll-stimmungsvoll-und-wundervoll\/","og_site_name":"Tafeldeko","article_publisher":"https:\/\/www.facebook.com\/pages\/Tafeldeko-einzigartige-Tischdekoration\/174202655894","article_published_time":"2012-03-14T18:20:18+00:00","og_image":[{"width":448,"height":314,"url":"https:\/\/www.tafeldeko.de\/news\/wp-content\/uploads\/2014\/09\/gebu_gelb_neu.jpg","type":"image\/jpeg"}],"author":"Christiane Stein","twitter_misc":{"Verfasst von":"Christiane Stein","Gesch\u00e4tzte Lesezeit":"2 Minuten"},"schema":{"@context":"https:\/\/schema.org","@graph":[{"@type":"WebPage","@id":"https:\/\/www.tafeldeko.de\/news\/die-geburtstags-tischdeko-eindrucksvoll-stimmungsvoll-und-wundervoll\/","url":"https:\/\/www.tafeldeko.de\/news\/die-geburtstags-tischdeko-eindrucksvoll-stimmungsvoll-und-wundervoll\/","name":"Die Geburtstags Tischdeko - eindrucksvoll, stimmungsvoll und wundervoll - Tafeldeko","isPartOf":{"@id":"https:\/\/www.tafeldeko.de\/news\/#website"},"datePublished":"2012-03-14T18:20:18+00:00","dateModified":"2012-03-14T18:20:18+00:00","author":{"@id":"https:\/\/www.tafeldeko.de\/news\/#\/schema\/person\/d2acd86447ed0b6336089a8ba83164a0"},"description":"Die Geburtstags Tischdeko - eindrucksvoll, stimmungsvoll und wirkungsvoll. F&#xFC;r das wundervolle Aussehen sorgen gelbe und silberne Servietten.","breadcrumb":{"@id":"https:\/\/www.tafeldeko.de\/news\/die-geburtstags-tischdeko-eindrucksvoll-stimmungsvoll-und-wundervoll\/#breadcrumb"},"inLanguage":"de-DE","potentialAction":[{"@type":"ReadAction","target":["https:\/\/www.tafeldeko.de\/news\/die-geburtstags-tischdeko-eindrucksvoll-stimmungsvoll-und-wundervoll\/"]}]},{"@type":"BreadcrumbList","@id":"https:\/\/www.tafeldeko.de\/news\/die-geburtstags-tischdeko-eindrucksvoll-stimmungsvoll-und-wundervoll\/#breadcrumb","itemListElement":[{"@type":"ListItem","position":1,"name":"Tafeldeko","item":"https:\/\/www.tafeldeko.de\/news\/"},{"@type":"ListItem","position":2,"name":"Alte Beitr\u00e4ge","item":"https:\/\/www.tafeldeko.de\/news\/alte-beitraege\/"},{"@type":"ListItem","position":3,"name":"Tischdeko - Blog","item":"https:\/\/www.tafeldeko.de\/news\/alte-beitraege\/tischdeko-blog\/"},{"@type":"ListItem","position":4,"name":"Die Geburtstags Tischdeko &#8211; eindrucksvoll, stimmungsvoll und wundervoll"}]},{"@type":"WebSite","@id":"https:\/\/www.tafeldeko.de\/news\/#website","url":"https:\/\/www.tafeldeko.de\/news\/","name":"Tafeldeko","description":"Blog mit Tischdeko und Tischdekoration Ideen","potentialAction":[{"@type":"SearchAction","target":{"@type":"EntryPoint","urlTemplate":"https:\/\/www.tafeldeko.de\/news\/?s={search_term_string}"},"query-input":"required name=search_term_string"}],"inLanguage":"de-DE"},{"@type":"Person","@id":"https:\/\/www.tafeldeko.de\/news\/#\/schema\/person\/d2acd86447ed0b6336089a8ba83164a0","name":"Christiane Stein","image":{"@type":"ImageObject","inLanguage":"de-DE","@id":"https:\/\/www.tafeldeko.de\/news\/#\/schema\/person\/image\/","url":"https:\/\/secure.gravatar.com\/avatar\/2054729fbfd1ebc9d3cf1fd55361d0b6?s=96&d=mm&r=g","contentUrl":"https:\/\/secure.gravatar.com\/avatar\/2054729fbfd1ebc9d3cf1fd55361d0b6?s=96&d=mm&r=g","caption":"Christiane Stein"}}]}},"_links":{"self":[{"href":"https:\/\/www.tafeldeko.de\/news\/wp-json\/wp\/v2\/posts\/1059"}],"collection":[{"href":"https:\/\/www.tafeldeko.de\/news\/wp-json\/wp\/v2\/posts"}],"about":[{"href":"https:\/\/www.tafeldeko.de\/news\/wp-json\/wp\/v2\/types\/post"}],"author":[{"embeddable":true,"href":"https:\/\/www.tafeldeko.de\/news\/wp-json\/wp\/v2\/users\/2"}],"replies":[{"embeddable":true,"href":"https:\/\/www.tafeldeko.de\/news\/wp-json\/wp\/v2\/comments?post=1059"}],"version-history":[{"count":0,"href":"https:\/\/www.tafeldeko.de\/news\/wp-json\/wp\/v2\/posts\/1059\/revisions"}],"wp:featuredmedia":[{"embeddable":true,"href":"https:\/\/www.tafeldeko.de\/news\/wp-json\/wp\/v2\/media\/1060"}],"wp:attachment":[{"href":"https:\/\/www.tafeldeko.de\/news\/wp-json\/wp\/v2\/media?parent=1059"}],"wp:term":[{"taxonomy":"category","embeddable":true,"href":"https:\/\/www.tafeldeko.de\/news\/wp-json\/wp\/v2\/categories?post=1059"},{"taxonomy":"post_tag","embeddable":true,"href":"https:\/\/www.tafeldeko.de\/news\/wp-json\/wp\/v2\/tags?post=1059"}],"curies":[{"name":"wp","href":"https:\/\/api.w.org\/{rel}","templated":true}]}}