{"id":1047,"date":"2012-01-11T21:36:26","date_gmt":"2012-01-11T19:36:26","guid":{"rendered":"http:\/\/www.tafeldeko.de\/news\/?p=1047"},"modified":"2012-01-11T21:36:26","modified_gmt":"2012-01-11T19:36:26","slug":"die-tischdeko-darf-am-geburtstag-nicht-fehlen","status":"publish","type":"post","link":"https:\/\/www.tafeldeko.de\/news\/die-tischdeko-darf-am-geburtstag-nicht-fehlen\/","title":{"rendered":"Die Tischdeko darf am Geburtstag nicht fehlen"},"content":{"rendered":"<div class=\"textumfliessenrechts\"><img decoding=\"async\" loading=\"lazy\" src=\"https:\/\/www.tafeldeko.de\/news\/media\/users\/schnurchristian\/gebu-lila.jpg\" alt=\"Tischdeko Geburtstag\" title=\"Tischdeko Geburtstag\" width=\"318\" height=\"204\" \/><br \/><a href=\"https:\/\/www.tafeldeko.de\/mustertische\/tischdeko-geburtstag\/Tisch-3.html\" title=\"Geburtstags Tischdeko\"><b>Geburtstags Tischdeko<\/b><\/a><\/div>\n<p> Wer die Tischdeko zum Geburtstageher schlicht mag, wird auf \u201eweniger ist mehr\u201c setzen und somit die geladenen G\u00e4sten auf eine ganz besondere Art willkommen hei\u00dfen.<br \/>\nDie <b><a href=\"https:\/\/www.tafeldeko.de\" title=\"Tischdeko\">Tischdeko<\/a><\/b> muss nicht immer vom feinsten und teuersten sein, aber einige Akzente sollten gesetzt werden und da muss man keinesfalls tief in den Geldbeutel greifen.<br \/>\nMit der Tischdekoration kann man mit wenig Geld eine gro\u00dfe Wirkung erzielen. Wenn man nun die Tischdeko in die Tat umsetzen, sollten die Farben aufeinander abstimmen und mit der Auswahl der Tischdecke beginnen. Hat man hierf\u00fcr eine Farbe gefunden, kann man die weitere Auswahl darauf abstimmen.<br \/>\nDie Tischdeko zum Geburtstag kann ganz im Zeichen der Farbe \u201elila\u201c stehen und f\u00fcr ein sch\u00f6nes Gesamtbild sorgen. F\u00fcr die Tischdeko kann ein <b><a href=\"https:\/\/www.tafeldeko.de\/index.php\/cat\/c1361_Perlen-Tischb%C3%A4nder.html\" title=\"Trendy Perlen Band\">Trendy Perlen Band<\/a><\/b> in Lila in der Mitte des Tisches drapiert werden und man kann sich f\u00fcr eckige Stumpenkerzen in wei\u00df entscheiden.<br \/>\nDes Weiteren bieten sich Tischdeko Spiegelherzen an, die f\u00fcr etwas Romantik sorgen und Deko Nuggets sind ebenfalls ideal. Das gewisse Etwas k\u00f6nnen Drahtb\u00e4lle in Silber und Rattan-Kugeln in lila darstellen. Streuteile, wie Schmetterlinge, sind ebenfalls f\u00fcr die <b>Geburtstags-Deko<\/b> geeignet.<br \/>\nWer m\u00f6chte, kann Streuzahlen f\u00fcr das entsprechende Alter auf dem Tisch verteilen. Auch die Servietten sollten nicht vergessen werden und so kann die Wahl auf die Doublo Servietten in violett fallen.<br \/>\nPasst alles zusammen, kann die Geburtstagsfete beginnen und einer ausgelassenen Feier steht nichts mehr im Wege. Nat\u00fcrlich bietet man den G\u00e4sten leckeres Essen und Getr\u00e4nke an, aber auch <b>eine gem\u00fctliche Atmosph\u00e4re<\/b> sollte gegeben sein. Wenn sich die G\u00e4ste wohlf\u00fchlen, ist man als Gastgeber ebenfalls mehr als gl\u00fccklich und zufrieden. Sp\u00e4testens dann wei\u00df man, dass sich die Arbeit gelohnt hat. <\/p>\n","protected":false},"excerpt":{"rendered":"<p>Wer die Tischdeko zum Geburtstageher schlicht mag, wird auf \u201eweniger ist mehr\u201c setzen und somit die geladenen G\u00e4sten auf eine ganz besondere Art willkommen hei\u00dfen.<br \/>\nDie  muss nicht immer vom feinsten und teuersten sein, aber einige Akzente sollten gesetzt werden und da muss man keinesfalls tief in den Geldbeutel greifen.<\/p>\n","protected":false},"author":2,"featured_media":961,"comment_status":"open","ping_status":"open","sticky":false,"template":"","format":"standard","meta":{"footnotes":""},"categories":[1],"tags":[],"yoast_head":"<!-- This site is optimized with the Yoast SEO plugin v20.4 - https:\/\/yoast.com\/wordpress\/plugins\/seo\/ -->\n<title>Die Tischdeko darf am Geburtstag nicht fehlen - Tafeldeko<\/title>\n<meta name=\"description\" content=\"Die Tischdeko zum Geburtstag kann ganz im Zeichen der Farbe &#x201E;lila&#x201C; stehen und f&#xFC;r ein sch&#xF6;nes Gesamtbild sorgen\" \/>\n<meta name=\"robots\" content=\"index, follow, max-snippet:-1, max-image-preview:large, max-video-preview:-1\" \/>\n<link rel=\"canonical\" href=\"https:\/\/www.tafeldeko.de\/news\/die-tischdeko-darf-am-geburtstag-nicht-fehlen\/\" \/>\n<meta property=\"og:locale\" content=\"de_DE\" \/>\n<meta property=\"og:type\" content=\"article\" \/>\n<meta property=\"og:title\" content=\"Die Tischdeko darf am Geburtstag nicht fehlen - Tafeldeko\" \/>\n<meta property=\"og:description\" content=\"Die Tischdeko zum Geburtstag kann ganz im Zeichen der Farbe &#x201E;lila&#x201C; stehen und f&#xFC;r ein sch&#xF6;nes Gesamtbild sorgen\" \/>\n<meta property=\"og:url\" content=\"https:\/\/www.tafeldeko.de\/news\/die-tischdeko-darf-am-geburtstag-nicht-fehlen\/\" \/>\n<meta property=\"og:site_name\" content=\"Tafeldeko\" \/>\n<meta property=\"article:publisher\" content=\"https:\/\/www.facebook.com\/pages\/Tafeldeko-einzigartige-Tischdekoration\/174202655894\" \/>\n<meta property=\"article:published_time\" content=\"2012-01-11T19:36:26+00:00\" \/>\n<meta property=\"og:image\" content=\"https:\/\/www.tafeldeko.de\/news\/wp-content\/uploads\/2014\/09\/gebu-lila.jpg\" \/>\n\t<meta property=\"og:image:width\" content=\"448\" \/>\n\t<meta property=\"og:image:height\" content=\"214\" \/>\n\t<meta property=\"og:image:type\" content=\"image\/jpeg\" \/>\n<meta name=\"author\" content=\"Christiane Stein\" \/>\n<meta name=\"twitter:label1\" content=\"Verfasst von\" \/>\n\t<meta name=\"twitter:data1\" content=\"Christiane Stein\" \/>\n\t<meta name=\"twitter:label2\" content=\"Gesch\u00e4tzte Lesezeit\" \/>\n\t<meta name=\"twitter:data2\" content=\"1 Minute\" \/>\n<script type=\"application\/ld+json\" class=\"yoast-schema-graph\">{\"@context\":\"https:\/\/schema.org\",\"@graph\":[{\"@type\":\"WebPage\",\"@id\":\"https:\/\/www.tafeldeko.de\/news\/die-tischdeko-darf-am-geburtstag-nicht-fehlen\/\",\"url\":\"https:\/\/www.tafeldeko.de\/news\/die-tischdeko-darf-am-geburtstag-nicht-fehlen\/\",\"name\":\"Die Tischdeko darf am Geburtstag nicht fehlen - Tafeldeko\",\"isPartOf\":{\"@id\":\"https:\/\/www.tafeldeko.de\/news\/#website\"},\"datePublished\":\"2012-01-11T19:36:26+00:00\",\"dateModified\":\"2012-01-11T19:36:26+00:00\",\"author\":{\"@id\":\"https:\/\/www.tafeldeko.de\/news\/#\/schema\/person\/d2acd86447ed0b6336089a8ba83164a0\"},\"description\":\"Die Tischdeko zum Geburtstag kann ganz im Zeichen der Farbe &#x201E;lila&#x201C; stehen und f&#xFC;r ein sch&#xF6;nes Gesamtbild sorgen\",\"breadcrumb\":{\"@id\":\"https:\/\/www.tafeldeko.de\/news\/die-tischdeko-darf-am-geburtstag-nicht-fehlen\/#breadcrumb\"},\"inLanguage\":\"de-DE\",\"potentialAction\":[{\"@type\":\"ReadAction\",\"target\":[\"https:\/\/www.tafeldeko.de\/news\/die-tischdeko-darf-am-geburtstag-nicht-fehlen\/\"]}]},{\"@type\":\"BreadcrumbList\",\"@id\":\"https:\/\/www.tafeldeko.de\/news\/die-tischdeko-darf-am-geburtstag-nicht-fehlen\/#breadcrumb\",\"itemListElement\":[{\"@type\":\"ListItem\",\"position\":1,\"name\":\"Tafeldeko\",\"item\":\"https:\/\/www.tafeldeko.de\/news\/\"},{\"@type\":\"ListItem\",\"position\":2,\"name\":\"Alte Beitr\u00e4ge\",\"item\":\"https:\/\/www.tafeldeko.de\/news\/alte-beitraege\/\"},{\"@type\":\"ListItem\",\"position\":3,\"name\":\"Tischdeko - Blog\",\"item\":\"https:\/\/www.tafeldeko.de\/news\/alte-beitraege\/tischdeko-blog\/\"},{\"@type\":\"ListItem\",\"position\":4,\"name\":\"Die Tischdeko darf am Geburtstag nicht fehlen\"}]},{\"@type\":\"WebSite\",\"@id\":\"https:\/\/www.tafeldeko.de\/news\/#website\",\"url\":\"https:\/\/www.tafeldeko.de\/news\/\",\"name\":\"Tafeldeko\",\"description\":\"Blog mit Tischdeko und Tischdekoration Ideen\",\"potentialAction\":[{\"@type\":\"SearchAction\",\"target\":{\"@type\":\"EntryPoint\",\"urlTemplate\":\"https:\/\/www.tafeldeko.de\/news\/?s={search_term_string}\"},\"query-input\":\"required name=search_term_string\"}],\"inLanguage\":\"de-DE\"},{\"@type\":\"Person\",\"@id\":\"https:\/\/www.tafeldeko.de\/news\/#\/schema\/person\/d2acd86447ed0b6336089a8ba83164a0\",\"name\":\"Christiane Stein\",\"image\":{\"@type\":\"ImageObject\",\"inLanguage\":\"de-DE\",\"@id\":\"https:\/\/www.tafeldeko.de\/news\/#\/schema\/person\/image\/\",\"url\":\"https:\/\/secure.gravatar.com\/avatar\/2054729fbfd1ebc9d3cf1fd55361d0b6?s=96&d=mm&r=g\",\"contentUrl\":\"https:\/\/secure.gravatar.com\/avatar\/2054729fbfd1ebc9d3cf1fd55361d0b6?s=96&d=mm&r=g\",\"caption\":\"Christiane Stein\"}}]}<\/script>\n<!-- \/ Yoast SEO plugin. -->","yoast_head_json":{"title":"Die Tischdeko darf am Geburtstag nicht fehlen - Tafeldeko","description":"Die Tischdeko zum Geburtstag kann ganz im Zeichen der Farbe &#x201E;lila&#x201C; stehen und f&#xFC;r ein sch&#xF6;nes Gesamtbild sorgen","robots":{"index":"index","follow":"follow","max-snippet":"max-snippet:-1","max-image-preview":"max-image-preview:large","max-video-preview":"max-video-preview:-1"},"canonical":"https:\/\/www.tafeldeko.de\/news\/die-tischdeko-darf-am-geburtstag-nicht-fehlen\/","og_locale":"de_DE","og_type":"article","og_title":"Die Tischdeko darf am Geburtstag nicht fehlen - Tafeldeko","og_description":"Die Tischdeko zum Geburtstag kann ganz im Zeichen der Farbe &#x201E;lila&#x201C; stehen und f&#xFC;r ein sch&#xF6;nes Gesamtbild sorgen","og_url":"https:\/\/www.tafeldeko.de\/news\/die-tischdeko-darf-am-geburtstag-nicht-fehlen\/","og_site_name":"Tafeldeko","article_publisher":"https:\/\/www.facebook.com\/pages\/Tafeldeko-einzigartige-Tischdekoration\/174202655894","article_published_time":"2012-01-11T19:36:26+00:00","og_image":[{"width":448,"height":214,"url":"https:\/\/www.tafeldeko.de\/news\/wp-content\/uploads\/2014\/09\/gebu-lila.jpg","type":"image\/jpeg"}],"author":"Christiane Stein","twitter_misc":{"Verfasst von":"Christiane Stein","Gesch\u00e4tzte Lesezeit":"1 Minute"},"schema":{"@context":"https:\/\/schema.org","@graph":[{"@type":"WebPage","@id":"https:\/\/www.tafeldeko.de\/news\/die-tischdeko-darf-am-geburtstag-nicht-fehlen\/","url":"https:\/\/www.tafeldeko.de\/news\/die-tischdeko-darf-am-geburtstag-nicht-fehlen\/","name":"Die Tischdeko darf am Geburtstag nicht fehlen - Tafeldeko","isPartOf":{"@id":"https:\/\/www.tafeldeko.de\/news\/#website"},"datePublished":"2012-01-11T19:36:26+00:00","dateModified":"2012-01-11T19:36:26+00:00","author":{"@id":"https:\/\/www.tafeldeko.de\/news\/#\/schema\/person\/d2acd86447ed0b6336089a8ba83164a0"},"description":"Die Tischdeko zum Geburtstag kann ganz im Zeichen der Farbe &#x201E;lila&#x201C; stehen und f&#xFC;r ein sch&#xF6;nes Gesamtbild sorgen","breadcrumb":{"@id":"https:\/\/www.tafeldeko.de\/news\/die-tischdeko-darf-am-geburtstag-nicht-fehlen\/#breadcrumb"},"inLanguage":"de-DE","potentialAction":[{"@type":"ReadAction","target":["https:\/\/www.tafeldeko.de\/news\/die-tischdeko-darf-am-geburtstag-nicht-fehlen\/"]}]},{"@type":"BreadcrumbList","@id":"https:\/\/www.tafeldeko.de\/news\/die-tischdeko-darf-am-geburtstag-nicht-fehlen\/#breadcrumb","itemListElement":[{"@type":"ListItem","position":1,"name":"Tafeldeko","item":"https:\/\/www.tafeldeko.de\/news\/"},{"@type":"ListItem","position":2,"name":"Alte Beitr\u00e4ge","item":"https:\/\/www.tafeldeko.de\/news\/alte-beitraege\/"},{"@type":"ListItem","position":3,"name":"Tischdeko - Blog","item":"https:\/\/www.tafeldeko.de\/news\/alte-beitraege\/tischdeko-blog\/"},{"@type":"ListItem","position":4,"name":"Die Tischdeko darf am Geburtstag nicht fehlen"}]},{"@type":"WebSite","@id":"https:\/\/www.tafeldeko.de\/news\/#website","url":"https:\/\/www.tafeldeko.de\/news\/","name":"Tafeldeko","description":"Blog mit Tischdeko und Tischdekoration Ideen","potentialAction":[{"@type":"SearchAction","target":{"@type":"EntryPoint","urlTemplate":"https:\/\/www.tafeldeko.de\/news\/?s={search_term_string}"},"query-input":"required name=search_term_string"}],"inLanguage":"de-DE"},{"@type":"Person","@id":"https:\/\/www.tafeldeko.de\/news\/#\/schema\/person\/d2acd86447ed0b6336089a8ba83164a0","name":"Christiane Stein","image":{"@type":"ImageObject","inLanguage":"de-DE","@id":"https:\/\/www.tafeldeko.de\/news\/#\/schema\/person\/image\/","url":"https:\/\/secure.gravatar.com\/avatar\/2054729fbfd1ebc9d3cf1fd55361d0b6?s=96&d=mm&r=g","contentUrl":"https:\/\/secure.gravatar.com\/avatar\/2054729fbfd1ebc9d3cf1fd55361d0b6?s=96&d=mm&r=g","caption":"Christiane Stein"}}]}},"_links":{"self":[{"href":"https:\/\/www.tafeldeko.de\/news\/wp-json\/wp\/v2\/posts\/1047"}],"collection":[{"href":"https:\/\/www.tafeldeko.de\/news\/wp-json\/wp\/v2\/posts"}],"about":[{"href":"https:\/\/www.tafeldeko.de\/news\/wp-json\/wp\/v2\/types\/post"}],"author":[{"embeddable":true,"href":"https:\/\/www.tafeldeko.de\/news\/wp-json\/wp\/v2\/users\/2"}],"replies":[{"embeddable":true,"href":"https:\/\/www.tafeldeko.de\/news\/wp-json\/wp\/v2\/comments?post=1047"}],"version-history":[{"count":0,"href":"https:\/\/www.tafeldeko.de\/news\/wp-json\/wp\/v2\/posts\/1047\/revisions"}],"wp:featuredmedia":[{"embeddable":true,"href":"https:\/\/www.tafeldeko.de\/news\/wp-json\/wp\/v2\/media\/961"}],"wp:attachment":[{"href":"https:\/\/www.tafeldeko.de\/news\/wp-json\/wp\/v2\/media?parent=1047"}],"wp:term":[{"taxonomy":"category","embeddable":true,"href":"https:\/\/www.tafeldeko.de\/news\/wp-json\/wp\/v2\/categories?post=1047"},{"taxonomy":"post_tag","embeddable":true,"href":"https:\/\/www.tafeldeko.de\/news\/wp-json\/wp\/v2\/tags?post=1047"}],"curies":[{"name":"wp","href":"https:\/\/api.w.org\/{rel}","templated":true}]}}