{"id":1040,"date":"2011-12-14T20:46:16","date_gmt":"2011-12-14T18:46:16","guid":{"rendered":"http:\/\/www.tafeldeko.de\/news\/?p=1040"},"modified":"2011-12-14T20:46:16","modified_gmt":"2011-12-14T18:46:16","slug":"schoene-tischdeko-zum-70-geburtstag","status":"publish","type":"post","link":"https:\/\/www.tafeldeko.de\/news\/schoene-tischdeko-zum-70-geburtstag\/","title":{"rendered":"Sch\u00f6ne Tischdeko zum 70. Geburtstag"},"content":{"rendered":"<div class=\"textumfliessenrechts\"><img decoding=\"async\" loading=\"lazy\" src=\"https:\/\/www.tafeldeko.de\/news\/media\/users\/schnurchristian\/gebu_gruen.jpg\" alt=\"Tischdeko zum Geburtstag\" title=\"Tischdeko zum Geburtstag\" width=\"328\" height=\"214\" \/><br \/><a href=\"https:\/\/www.tafeldeko.de\/mustertische\/index.php?t=8&#038;c=7&#038;lang=2\" title=\"Tischdeko 70. Geburtstag\"><b>Tischdeko 70. Geburtstag<\/b><\/a><\/div>\n<p> Der <b>70. Geburtstag<\/b> ist auf jeden Fall ein Anlass, den man feiern sollte und das hat mehrere Gr\u00fcnde.<br \/>\nZum einen trifft man vielleicht noch einmal Verwandte, die man nur zu Feierlichkeiten sieht und zum anderen hat man in aller Regel schon einige Jahre als Rentnerin oder Rentner hinter sich, kann die Ruhe genie\u00dfen, Reisen machen und die L\u00e4nder erkunden. Dies ist wohl ein Traum vieler, die den Ruhestand genie\u00dfen d\u00fcrfen. Da gibt es viel zu erz\u00e4hlen und was bietet sich besser an, als eine Feier anl\u00e4sslich des 70. Geburtstags?<br \/>\nZur Feier des 70. Geburtstags sollte eine sch\u00f6ne Tischdeko nicht fehlen.<br \/>\nMan f\u00fchlt sich noch jung, z\u00e4hlt sich nicht zum alten Eisen und aus diesem Grund sollte auch die Farbe der Tischdeko alles andere als langweilig und trist sein. Wie w\u00e4re es mit der Farbe \u201eWaldmeister\u201c f\u00fcr die Tischdeko zum 70. Geburtstag?<br \/>\nMal eine ganz andere Farbkombination, die sich hier zu dem Geburtstag pr\u00e4sentiert, doch auf gewisse Weise sehr ansprechend, mitunter vielleicht auch deshalb, weil sie eine eher nicht allt\u00e4gliche Tischdeko ist.<br \/>\nDie <b>Tischdeko zum 70. Geburtstag <\/b>in Waldmeister sieht folgenderma\u00dfen aus:<\/p>\n<p>Eine wei\u00dfe Tischdecke ist die Basis, ein Arrangement aus gr\u00fcnem Sisalband modern und <b><a href=\"https:\/\/www.tafeldeko.de\/index.php\/cat\/c1009_Organza-B%C3%A4nder.html\" title=\"Organzatischband\">Organzatischband<\/a><\/b>, ebenfalls in gr\u00fcn, versch\u00f6nern die Tischmitte. Darauf werden Effect Nuggets in dunklem Gr\u00fcn gestreut, gr\u00fcne Rattankugeln setzen kleine Akzente. Zudem kann die Tischdeko zum 70. Geburtstag mit diversen Streudekoteilen versch\u00f6nert werden, wie zum Beispiel Streu-Margeritenk\u00f6pfen, Dekobl\u00fcmchen aus Acryl, Raindrops Deko Tautropfen und Schmetterling Streu.<br \/>\n<b><a href=\"https:\/\/www.tafeldeko.de\/index.php\/cat\/c69_Geburtstag-Servietten.html\" title=\"Servietten\">Servietten<\/a> <\/b>werden nat\u00fcrlich vom Farbton passend ausgew\u00e4hlt. Hier sind die Servietten Barock lace gr\u00fcn eine sehr sch\u00f6ne M\u00f6glichkeit, die Tischdeko zu versch\u00f6nern.<br \/>\nKerzengl\u00e4ser Sevilla \u2013 ebenfalls in gr\u00fcn \u2013 geben der Festtafel das entsprechende feierliche <b>Kerzenlicht<\/b>.<br \/>\nDer Geburtstag und die Geburtstagsfeier zum 70. Geburtstag k\u00f6nnen kommen \u2013 die Tischdeko ist ausgew\u00e4hlt. <\/p>\n","protected":false},"excerpt":{"rendered":"<p>Der 70. Geburtstag ist auf jeden Fall ein Anlass, den man feiern sollte und das hat mehrere Gr\u00fcnde.<br \/>\nZum einen trifft man vielleicht noch einmal Verwandte, die man nur zu Feierlichkeiten sieht und zum anderen hat man in aller Regel schon einige Jahre als Rentnerin oder Rentner hinter sich, kann die Ruhe genie\u00dfen, Reisen machen und die L\u00e4nder erkunden. Dies ist wohl ein Traum vieler, die den Ruhestand genie\u00dfen d\u00fcrfen. Da gibt es viel zu erz\u00e4hlen und was bietet sich besser an, als eine Feier anl\u00e4sslich des 70. Geburtstags?<\/p>\n","protected":false},"author":2,"featured_media":963,"comment_status":"open","ping_status":"open","sticky":false,"template":"","format":"standard","meta":{"footnotes":""},"categories":[1],"tags":[],"yoast_head":"<!-- This site is optimized with the Yoast SEO plugin v20.4 - https:\/\/yoast.com\/wordpress\/plugins\/seo\/ -->\n<title>Sch\u00f6ne Tischdeko zum 70. Geburtstag - Tafeldeko<\/title>\n<meta name=\"description\" content=\"Wie w&#xE4;re es mit der Farbe &#x201E;Waldmeister&#x201C; f&#xFC;r die Tischdeko zum 70. Geburtstag? Erg&#xE4;nzt um silberne und graue Elemente - ein Hingucker schlechthin!\" \/>\n<meta name=\"robots\" content=\"index, follow, max-snippet:-1, max-image-preview:large, max-video-preview:-1\" \/>\n<link rel=\"canonical\" href=\"https:\/\/www.tafeldeko.de\/news\/schoene-tischdeko-zum-70-geburtstag\/\" \/>\n<meta property=\"og:locale\" content=\"de_DE\" \/>\n<meta property=\"og:type\" content=\"article\" \/>\n<meta property=\"og:title\" content=\"Sch\u00f6ne Tischdeko zum 70. Geburtstag - Tafeldeko\" \/>\n<meta property=\"og:description\" content=\"Wie w&#xE4;re es mit der Farbe &#x201E;Waldmeister&#x201C; f&#xFC;r die Tischdeko zum 70. Geburtstag? Erg&#xE4;nzt um silberne und graue Elemente - ein Hingucker schlechthin!\" \/>\n<meta property=\"og:url\" content=\"https:\/\/www.tafeldeko.de\/news\/schoene-tischdeko-zum-70-geburtstag\/\" \/>\n<meta property=\"og:site_name\" content=\"Tafeldeko\" \/>\n<meta property=\"article:publisher\" content=\"https:\/\/www.facebook.com\/pages\/Tafeldeko-einzigartige-Tischdekoration\/174202655894\" \/>\n<meta property=\"article:published_time\" content=\"2011-12-14T18:46:16+00:00\" \/>\n<meta property=\"og:image\" content=\"https:\/\/www.tafeldeko.de\/news\/wp-content\/uploads\/2014\/09\/gebu_gruen.jpg\" \/>\n\t<meta property=\"og:image:width\" content=\"448\" \/>\n\t<meta property=\"og:image:height\" content=\"314\" \/>\n\t<meta property=\"og:image:type\" content=\"image\/jpeg\" \/>\n<meta name=\"author\" content=\"Christiane Stein\" \/>\n<meta name=\"twitter:label1\" content=\"Verfasst von\" \/>\n\t<meta name=\"twitter:data1\" content=\"Christiane Stein\" \/>\n\t<meta name=\"twitter:label2\" content=\"Gesch\u00e4tzte Lesezeit\" \/>\n\t<meta name=\"twitter:data2\" content=\"2 Minuten\" \/>\n<script type=\"application\/ld+json\" class=\"yoast-schema-graph\">{\"@context\":\"https:\/\/schema.org\",\"@graph\":[{\"@type\":\"WebPage\",\"@id\":\"https:\/\/www.tafeldeko.de\/news\/schoene-tischdeko-zum-70-geburtstag\/\",\"url\":\"https:\/\/www.tafeldeko.de\/news\/schoene-tischdeko-zum-70-geburtstag\/\",\"name\":\"Sch\u00f6ne Tischdeko zum 70. Geburtstag - Tafeldeko\",\"isPartOf\":{\"@id\":\"https:\/\/www.tafeldeko.de\/news\/#website\"},\"datePublished\":\"2011-12-14T18:46:16+00:00\",\"dateModified\":\"2011-12-14T18:46:16+00:00\",\"author\":{\"@id\":\"https:\/\/www.tafeldeko.de\/news\/#\/schema\/person\/d2acd86447ed0b6336089a8ba83164a0\"},\"description\":\"Wie w&#xE4;re es mit der Farbe &#x201E;Waldmeister&#x201C; f&#xFC;r die Tischdeko zum 70. Geburtstag? Erg&#xE4;nzt um silberne und graue Elemente - ein Hingucker schlechthin!\",\"breadcrumb\":{\"@id\":\"https:\/\/www.tafeldeko.de\/news\/schoene-tischdeko-zum-70-geburtstag\/#breadcrumb\"},\"inLanguage\":\"de-DE\",\"potentialAction\":[{\"@type\":\"ReadAction\",\"target\":[\"https:\/\/www.tafeldeko.de\/news\/schoene-tischdeko-zum-70-geburtstag\/\"]}]},{\"@type\":\"BreadcrumbList\",\"@id\":\"https:\/\/www.tafeldeko.de\/news\/schoene-tischdeko-zum-70-geburtstag\/#breadcrumb\",\"itemListElement\":[{\"@type\":\"ListItem\",\"position\":1,\"name\":\"Tafeldeko\",\"item\":\"https:\/\/www.tafeldeko.de\/news\/\"},{\"@type\":\"ListItem\",\"position\":2,\"name\":\"Alte Beitr\u00e4ge\",\"item\":\"https:\/\/www.tafeldeko.de\/news\/alte-beitraege\/\"},{\"@type\":\"ListItem\",\"position\":3,\"name\":\"Tischdeko - Blog\",\"item\":\"https:\/\/www.tafeldeko.de\/news\/alte-beitraege\/tischdeko-blog\/\"},{\"@type\":\"ListItem\",\"position\":4,\"name\":\"Sch\u00f6ne Tischdeko zum 70. Geburtstag\"}]},{\"@type\":\"WebSite\",\"@id\":\"https:\/\/www.tafeldeko.de\/news\/#website\",\"url\":\"https:\/\/www.tafeldeko.de\/news\/\",\"name\":\"Tafeldeko\",\"description\":\"Blog mit Tischdeko und Tischdekoration Ideen\",\"potentialAction\":[{\"@type\":\"SearchAction\",\"target\":{\"@type\":\"EntryPoint\",\"urlTemplate\":\"https:\/\/www.tafeldeko.de\/news\/?s={search_term_string}\"},\"query-input\":\"required name=search_term_string\"}],\"inLanguage\":\"de-DE\"},{\"@type\":\"Person\",\"@id\":\"https:\/\/www.tafeldeko.de\/news\/#\/schema\/person\/d2acd86447ed0b6336089a8ba83164a0\",\"name\":\"Christiane Stein\",\"image\":{\"@type\":\"ImageObject\",\"inLanguage\":\"de-DE\",\"@id\":\"https:\/\/www.tafeldeko.de\/news\/#\/schema\/person\/image\/\",\"url\":\"https:\/\/secure.gravatar.com\/avatar\/2054729fbfd1ebc9d3cf1fd55361d0b6?s=96&d=mm&r=g\",\"contentUrl\":\"https:\/\/secure.gravatar.com\/avatar\/2054729fbfd1ebc9d3cf1fd55361d0b6?s=96&d=mm&r=g\",\"caption\":\"Christiane Stein\"}}]}<\/script>\n<!-- \/ Yoast SEO plugin. -->","yoast_head_json":{"title":"Sch\u00f6ne Tischdeko zum 70. Geburtstag - Tafeldeko","description":"Wie w&#xE4;re es mit der Farbe &#x201E;Waldmeister&#x201C; f&#xFC;r die Tischdeko zum 70. Geburtstag? Erg&#xE4;nzt um silberne und graue Elemente - ein Hingucker schlechthin!","robots":{"index":"index","follow":"follow","max-snippet":"max-snippet:-1","max-image-preview":"max-image-preview:large","max-video-preview":"max-video-preview:-1"},"canonical":"https:\/\/www.tafeldeko.de\/news\/schoene-tischdeko-zum-70-geburtstag\/","og_locale":"de_DE","og_type":"article","og_title":"Sch\u00f6ne Tischdeko zum 70. Geburtstag - Tafeldeko","og_description":"Wie w&#xE4;re es mit der Farbe &#x201E;Waldmeister&#x201C; f&#xFC;r die Tischdeko zum 70. Geburtstag? Erg&#xE4;nzt um silberne und graue Elemente - ein Hingucker schlechthin!","og_url":"https:\/\/www.tafeldeko.de\/news\/schoene-tischdeko-zum-70-geburtstag\/","og_site_name":"Tafeldeko","article_publisher":"https:\/\/www.facebook.com\/pages\/Tafeldeko-einzigartige-Tischdekoration\/174202655894","article_published_time":"2011-12-14T18:46:16+00:00","og_image":[{"width":448,"height":314,"url":"https:\/\/www.tafeldeko.de\/news\/wp-content\/uploads\/2014\/09\/gebu_gruen.jpg","type":"image\/jpeg"}],"author":"Christiane Stein","twitter_misc":{"Verfasst von":"Christiane Stein","Gesch\u00e4tzte Lesezeit":"2 Minuten"},"schema":{"@context":"https:\/\/schema.org","@graph":[{"@type":"WebPage","@id":"https:\/\/www.tafeldeko.de\/news\/schoene-tischdeko-zum-70-geburtstag\/","url":"https:\/\/www.tafeldeko.de\/news\/schoene-tischdeko-zum-70-geburtstag\/","name":"Sch\u00f6ne Tischdeko zum 70. Geburtstag - Tafeldeko","isPartOf":{"@id":"https:\/\/www.tafeldeko.de\/news\/#website"},"datePublished":"2011-12-14T18:46:16+00:00","dateModified":"2011-12-14T18:46:16+00:00","author":{"@id":"https:\/\/www.tafeldeko.de\/news\/#\/schema\/person\/d2acd86447ed0b6336089a8ba83164a0"},"description":"Wie w&#xE4;re es mit der Farbe &#x201E;Waldmeister&#x201C; f&#xFC;r die Tischdeko zum 70. Geburtstag? Erg&#xE4;nzt um silberne und graue Elemente - ein Hingucker schlechthin!","breadcrumb":{"@id":"https:\/\/www.tafeldeko.de\/news\/schoene-tischdeko-zum-70-geburtstag\/#breadcrumb"},"inLanguage":"de-DE","potentialAction":[{"@type":"ReadAction","target":["https:\/\/www.tafeldeko.de\/news\/schoene-tischdeko-zum-70-geburtstag\/"]}]},{"@type":"BreadcrumbList","@id":"https:\/\/www.tafeldeko.de\/news\/schoene-tischdeko-zum-70-geburtstag\/#breadcrumb","itemListElement":[{"@type":"ListItem","position":1,"name":"Tafeldeko","item":"https:\/\/www.tafeldeko.de\/news\/"},{"@type":"ListItem","position":2,"name":"Alte Beitr\u00e4ge","item":"https:\/\/www.tafeldeko.de\/news\/alte-beitraege\/"},{"@type":"ListItem","position":3,"name":"Tischdeko - Blog","item":"https:\/\/www.tafeldeko.de\/news\/alte-beitraege\/tischdeko-blog\/"},{"@type":"ListItem","position":4,"name":"Sch\u00f6ne Tischdeko zum 70. Geburtstag"}]},{"@type":"WebSite","@id":"https:\/\/www.tafeldeko.de\/news\/#website","url":"https:\/\/www.tafeldeko.de\/news\/","name":"Tafeldeko","description":"Blog mit Tischdeko und Tischdekoration Ideen","potentialAction":[{"@type":"SearchAction","target":{"@type":"EntryPoint","urlTemplate":"https:\/\/www.tafeldeko.de\/news\/?s={search_term_string}"},"query-input":"required name=search_term_string"}],"inLanguage":"de-DE"},{"@type":"Person","@id":"https:\/\/www.tafeldeko.de\/news\/#\/schema\/person\/d2acd86447ed0b6336089a8ba83164a0","name":"Christiane Stein","image":{"@type":"ImageObject","inLanguage":"de-DE","@id":"https:\/\/www.tafeldeko.de\/news\/#\/schema\/person\/image\/","url":"https:\/\/secure.gravatar.com\/avatar\/2054729fbfd1ebc9d3cf1fd55361d0b6?s=96&d=mm&r=g","contentUrl":"https:\/\/secure.gravatar.com\/avatar\/2054729fbfd1ebc9d3cf1fd55361d0b6?s=96&d=mm&r=g","caption":"Christiane Stein"}}]}},"_links":{"self":[{"href":"https:\/\/www.tafeldeko.de\/news\/wp-json\/wp\/v2\/posts\/1040"}],"collection":[{"href":"https:\/\/www.tafeldeko.de\/news\/wp-json\/wp\/v2\/posts"}],"about":[{"href":"https:\/\/www.tafeldeko.de\/news\/wp-json\/wp\/v2\/types\/post"}],"author":[{"embeddable":true,"href":"https:\/\/www.tafeldeko.de\/news\/wp-json\/wp\/v2\/users\/2"}],"replies":[{"embeddable":true,"href":"https:\/\/www.tafeldeko.de\/news\/wp-json\/wp\/v2\/comments?post=1040"}],"version-history":[{"count":0,"href":"https:\/\/www.tafeldeko.de\/news\/wp-json\/wp\/v2\/posts\/1040\/revisions"}],"wp:featuredmedia":[{"embeddable":true,"href":"https:\/\/www.tafeldeko.de\/news\/wp-json\/wp\/v2\/media\/963"}],"wp:attachment":[{"href":"https:\/\/www.tafeldeko.de\/news\/wp-json\/wp\/v2\/media?parent=1040"}],"wp:term":[{"taxonomy":"category","embeddable":true,"href":"https:\/\/www.tafeldeko.de\/news\/wp-json\/wp\/v2\/categories?post=1040"},{"taxonomy":"post_tag","embeddable":true,"href":"https:\/\/www.tafeldeko.de\/news\/wp-json\/wp\/v2\/tags?post=1040"}],"curies":[{"name":"wp","href":"https:\/\/api.w.org\/{rel}","templated":true}]}}