{"id":1039,"date":"2011-12-05T21:01:54","date_gmt":"2011-12-05T19:01:54","guid":{"rendered":"http:\/\/www.tafeldeko.de\/news\/?p=1039"},"modified":"2011-12-05T21:01:54","modified_gmt":"2011-12-05T19:01:54","slug":"wunderschoene-tischdeko-fuer-den-50-geburtstag-in-der-weihnachtszeit","status":"publish","type":"post","link":"https:\/\/www.tafeldeko.de\/news\/wunderschoene-tischdeko-fuer-den-50-geburtstag-in-der-weihnachtszeit\/","title":{"rendered":"Wundersch\u00f6ne Tischdeko f\u00fcr den 50. Geburtstag in der Weihnachtszeit"},"content":{"rendered":"<div class=\"textumfliessenrechts\"><img decoding=\"async\" loading=\"lazy\" src=\"https:\/\/www.tafeldeko.de\/news\/media\/users\/schnurchristian\/gebu_weihnacht.jpg\" alt=\"Geburtstag an Weihnachten\" title=\"Geburtstag an Weihnachten\" width=\"322\" height=\"210\" \/><br \/><a href=\"https:\/\/www.tafeldeko.de\/mustertische\/index.php?t=4&#038;c=7&#038;lang=2\" title=\"Tischdeko 50. Geburtstag\"><b>Tischdeko 50. Geburtstag<\/b><\/a><\/div>\n<p> Der Geburtstag \u2013 einmal im Jahr ist es so weit und wir feiern unseren eigenen Geburtstag. Geburtstagskinder gibt es w\u00e4hrend des gesamten Jahres viele und selbst trifft es eben auch.<br \/>\nManche haben im Sommer Geburtstag, andere in den Herbstmonaten und wiederum andere um die <b>Weihnachtszeit<\/b>.<br \/>\nGanz gleich, wann man Geburtstag hat, er sollte gefeiert werden. Der Geburtstag ist ein Anlass, der uns zeigt, dass wir noch leben und dass wir umringt sind von Familienmitgliedern und Freunden, die an diesem besonderen Tag an der Freude des Geburtstagskindes teilhaben m\u00f6chten.<br \/>\nDer 50. Geburtstag ist einer dieser tollen Momente, die man mit der Familie, Arbeitskollegen und Freunden gerne feiert \u2013 das halbe Jahrhundert ist vollkommen.<br \/>\nLiegt der <b><a href=\"https:\/\/www.tafeldeko.de\/index.php\/cat\/c50_Tischdeko-Geburtstag.html\" title=\"Geburtstag\">Geburtstag<\/a><\/b> noch in der Weihnachtszeit, dann ist es ein Grund mehr zum Feiern. Und vor allen Dingen kann man hier eine wundervolle Tischdeko zum 50. Geburtstag kreieren, die schon etwas weihnachtliche Stimmung verbreitet und die sich ganz au\u00dfergew\u00f6hnlich pr\u00e4sentiert.<br \/>\nDie Tischdeko zum 50. Geburtstag in der Weihnachtszeit wird mit schwarz, silber und gold ausgestattet und sieht <b>sehr edel<\/b> aus.<br \/>\nBei dieser Tischdeko zum 50. Geburtstag bildet eine schwarze Tischdecke die Basis, ein Dekovlies Band, kombiniert mit goldenem Satinband ziert die Tischmitte.<br \/>\nEin silberfarbener Kerzenst\u00e4nder oder mehrere Kerzenleuchter verleihen der Tafel einen sch\u00f6nen Glanz, ebenso wie die silberfarbenen Kugeln auf dem Tisch. Nat\u00fcrlich d\u00fcrfen bei dieser edlen Tischdeko auch gl\u00e4nzende <b><a href=\"https:\/\/www.tafeldeko.de\/index.php\/cat\/c402_Party-Streudeko.html\" title=\"Streudekoteile\">Streudekoteile<\/a><\/b> nicht fehlen. Streubl\u00fcmchen di Fiori, Raindrops Deko Tautropfen, Glas Streuherzen in klar und kleine Spiegelstreuteile werden wahllos auf dem Tisch verteilt, setzen kleinere, <b>gl\u00e4nzende Effekte<\/b> in der Tischdeko zum 50. Geburtstag.<br \/>\nMit den Servietten kann man dem Geburtstagstisch noch einen witzigen Clou verleihen: man faltet die schwarzen Duni Dunilin Servietten zu einer kleinen Blume, und die Blumenknospe bildet eine kleine silberfarbene Weihnachtskugel. Ein toller Effekt, der recht schnell und einfach gezaubert werden kann.<br \/>\nDie Tischdeko zum 50. <b>Geburtstag in der Weihnachtszeit<\/b> \u2013 mit dieser Dekoration ist man bereit f\u00fcr die gro\u00dfe Feier. <\/p>\n","protected":false},"excerpt":{"rendered":"<p>Der Geburtstag \u2013 einmal im Jahr ist es so weit und wir feiern unseren eigenen Geburtstag. Geburtstagskinder gibt es w\u00e4hrend des gesamten Jahres viele und selbst trifft es eben auch.<br \/>\nManche haben im Sommer Geburtstag, andere in den Herbstmonaten und wiederum andere um die Weihnachtszeit.<\/p>\n","protected":false},"author":2,"featured_media":1034,"comment_status":"open","ping_status":"open","sticky":false,"template":"","format":"standard","meta":{"footnotes":""},"categories":[1],"tags":[],"yoast_head":"<!-- This site is optimized with the Yoast SEO plugin v20.4 - https:\/\/yoast.com\/wordpress\/plugins\/seo\/ -->\n<title>Wundersch\u00f6ne Tischdeko f\u00fcr den 50. Geburtstag in der Weihnachtszeit - Tafeldeko<\/title>\n<meta name=\"description\" content=\"Bei dieser Tischdeko zum 50. Geburtstag bildet eine schwarze Tischdecke die Basis, ein Dekovlies Band, kombiniert mit goldenem Satinband ziert die Tischmitte.\" \/>\n<meta name=\"robots\" content=\"index, follow, max-snippet:-1, max-image-preview:large, max-video-preview:-1\" \/>\n<link rel=\"canonical\" href=\"https:\/\/www.tafeldeko.de\/news\/wunderschoene-tischdeko-fuer-den-50-geburtstag-in-der-weihnachtszeit\/\" \/>\n<meta property=\"og:locale\" content=\"de_DE\" \/>\n<meta property=\"og:type\" content=\"article\" \/>\n<meta property=\"og:title\" content=\"Wundersch\u00f6ne Tischdeko f\u00fcr den 50. Geburtstag in der Weihnachtszeit - Tafeldeko\" \/>\n<meta property=\"og:description\" content=\"Bei dieser Tischdeko zum 50. Geburtstag bildet eine schwarze Tischdecke die Basis, ein Dekovlies Band, kombiniert mit goldenem Satinband ziert die Tischmitte.\" \/>\n<meta property=\"og:url\" content=\"https:\/\/www.tafeldeko.de\/news\/wunderschoene-tischdeko-fuer-den-50-geburtstag-in-der-weihnachtszeit\/\" \/>\n<meta property=\"og:site_name\" content=\"Tafeldeko\" \/>\n<meta property=\"article:publisher\" content=\"https:\/\/www.facebook.com\/pages\/Tafeldeko-einzigartige-Tischdekoration\/174202655894\" \/>\n<meta property=\"article:published_time\" content=\"2011-12-05T19:01:54+00:00\" \/>\n<meta property=\"og:image\" content=\"https:\/\/www.tafeldeko.de\/news\/wp-content\/uploads\/2014\/09\/gebu_weihnacht.jpg\" \/>\n\t<meta property=\"og:image:width\" content=\"562\" \/>\n\t<meta property=\"og:image:height\" content=\"360\" \/>\n\t<meta property=\"og:image:type\" content=\"image\/jpeg\" \/>\n<meta name=\"author\" content=\"Christiane Stein\" \/>\n<meta name=\"twitter:label1\" content=\"Verfasst von\" \/>\n\t<meta name=\"twitter:data1\" content=\"Christiane Stein\" \/>\n\t<meta name=\"twitter:label2\" content=\"Gesch\u00e4tzte Lesezeit\" \/>\n\t<meta name=\"twitter:data2\" content=\"2 Minuten\" \/>\n<script type=\"application\/ld+json\" class=\"yoast-schema-graph\">{\"@context\":\"https:\/\/schema.org\",\"@graph\":[{\"@type\":\"WebPage\",\"@id\":\"https:\/\/www.tafeldeko.de\/news\/wunderschoene-tischdeko-fuer-den-50-geburtstag-in-der-weihnachtszeit\/\",\"url\":\"https:\/\/www.tafeldeko.de\/news\/wunderschoene-tischdeko-fuer-den-50-geburtstag-in-der-weihnachtszeit\/\",\"name\":\"Wundersch\u00f6ne Tischdeko f\u00fcr den 50. Geburtstag in der Weihnachtszeit - Tafeldeko\",\"isPartOf\":{\"@id\":\"https:\/\/www.tafeldeko.de\/news\/#website\"},\"datePublished\":\"2011-12-05T19:01:54+00:00\",\"dateModified\":\"2011-12-05T19:01:54+00:00\",\"author\":{\"@id\":\"https:\/\/www.tafeldeko.de\/news\/#\/schema\/person\/d2acd86447ed0b6336089a8ba83164a0\"},\"description\":\"Bei dieser Tischdeko zum 50. Geburtstag bildet eine schwarze Tischdecke die Basis, ein Dekovlies Band, kombiniert mit goldenem Satinband ziert die Tischmitte.\",\"breadcrumb\":{\"@id\":\"https:\/\/www.tafeldeko.de\/news\/wunderschoene-tischdeko-fuer-den-50-geburtstag-in-der-weihnachtszeit\/#breadcrumb\"},\"inLanguage\":\"de-DE\",\"potentialAction\":[{\"@type\":\"ReadAction\",\"target\":[\"https:\/\/www.tafeldeko.de\/news\/wunderschoene-tischdeko-fuer-den-50-geburtstag-in-der-weihnachtszeit\/\"]}]},{\"@type\":\"BreadcrumbList\",\"@id\":\"https:\/\/www.tafeldeko.de\/news\/wunderschoene-tischdeko-fuer-den-50-geburtstag-in-der-weihnachtszeit\/#breadcrumb\",\"itemListElement\":[{\"@type\":\"ListItem\",\"position\":1,\"name\":\"Tafeldeko\",\"item\":\"https:\/\/www.tafeldeko.de\/news\/\"},{\"@type\":\"ListItem\",\"position\":2,\"name\":\"Alte Beitr\u00e4ge\",\"item\":\"https:\/\/www.tafeldeko.de\/news\/alte-beitraege\/\"},{\"@type\":\"ListItem\",\"position\":3,\"name\":\"Tischdeko - Blog\",\"item\":\"https:\/\/www.tafeldeko.de\/news\/alte-beitraege\/tischdeko-blog\/\"},{\"@type\":\"ListItem\",\"position\":4,\"name\":\"Wundersch\u00f6ne Tischdeko f\u00fcr den 50. Geburtstag in der Weihnachtszeit\"}]},{\"@type\":\"WebSite\",\"@id\":\"https:\/\/www.tafeldeko.de\/news\/#website\",\"url\":\"https:\/\/www.tafeldeko.de\/news\/\",\"name\":\"Tafeldeko\",\"description\":\"Blog mit Tischdeko und Tischdekoration Ideen\",\"potentialAction\":[{\"@type\":\"SearchAction\",\"target\":{\"@type\":\"EntryPoint\",\"urlTemplate\":\"https:\/\/www.tafeldeko.de\/news\/?s={search_term_string}\"},\"query-input\":\"required name=search_term_string\"}],\"inLanguage\":\"de-DE\"},{\"@type\":\"Person\",\"@id\":\"https:\/\/www.tafeldeko.de\/news\/#\/schema\/person\/d2acd86447ed0b6336089a8ba83164a0\",\"name\":\"Christiane Stein\",\"image\":{\"@type\":\"ImageObject\",\"inLanguage\":\"de-DE\",\"@id\":\"https:\/\/www.tafeldeko.de\/news\/#\/schema\/person\/image\/\",\"url\":\"https:\/\/secure.gravatar.com\/avatar\/2054729fbfd1ebc9d3cf1fd55361d0b6?s=96&d=mm&r=g\",\"contentUrl\":\"https:\/\/secure.gravatar.com\/avatar\/2054729fbfd1ebc9d3cf1fd55361d0b6?s=96&d=mm&r=g\",\"caption\":\"Christiane Stein\"}}]}<\/script>\n<!-- \/ Yoast SEO plugin. -->","yoast_head_json":{"title":"Wundersch\u00f6ne Tischdeko f\u00fcr den 50. Geburtstag in der Weihnachtszeit - Tafeldeko","description":"Bei dieser Tischdeko zum 50. Geburtstag bildet eine schwarze Tischdecke die Basis, ein Dekovlies Band, kombiniert mit goldenem Satinband ziert die Tischmitte.","robots":{"index":"index","follow":"follow","max-snippet":"max-snippet:-1","max-image-preview":"max-image-preview:large","max-video-preview":"max-video-preview:-1"},"canonical":"https:\/\/www.tafeldeko.de\/news\/wunderschoene-tischdeko-fuer-den-50-geburtstag-in-der-weihnachtszeit\/","og_locale":"de_DE","og_type":"article","og_title":"Wundersch\u00f6ne Tischdeko f\u00fcr den 50. Geburtstag in der Weihnachtszeit - Tafeldeko","og_description":"Bei dieser Tischdeko zum 50. Geburtstag bildet eine schwarze Tischdecke die Basis, ein Dekovlies Band, kombiniert mit goldenem Satinband ziert die Tischmitte.","og_url":"https:\/\/www.tafeldeko.de\/news\/wunderschoene-tischdeko-fuer-den-50-geburtstag-in-der-weihnachtszeit\/","og_site_name":"Tafeldeko","article_publisher":"https:\/\/www.facebook.com\/pages\/Tafeldeko-einzigartige-Tischdekoration\/174202655894","article_published_time":"2011-12-05T19:01:54+00:00","og_image":[{"width":562,"height":360,"url":"https:\/\/www.tafeldeko.de\/news\/wp-content\/uploads\/2014\/09\/gebu_weihnacht.jpg","type":"image\/jpeg"}],"author":"Christiane Stein","twitter_misc":{"Verfasst von":"Christiane Stein","Gesch\u00e4tzte Lesezeit":"2 Minuten"},"schema":{"@context":"https:\/\/schema.org","@graph":[{"@type":"WebPage","@id":"https:\/\/www.tafeldeko.de\/news\/wunderschoene-tischdeko-fuer-den-50-geburtstag-in-der-weihnachtszeit\/","url":"https:\/\/www.tafeldeko.de\/news\/wunderschoene-tischdeko-fuer-den-50-geburtstag-in-der-weihnachtszeit\/","name":"Wundersch\u00f6ne Tischdeko f\u00fcr den 50. Geburtstag in der Weihnachtszeit - Tafeldeko","isPartOf":{"@id":"https:\/\/www.tafeldeko.de\/news\/#website"},"datePublished":"2011-12-05T19:01:54+00:00","dateModified":"2011-12-05T19:01:54+00:00","author":{"@id":"https:\/\/www.tafeldeko.de\/news\/#\/schema\/person\/d2acd86447ed0b6336089a8ba83164a0"},"description":"Bei dieser Tischdeko zum 50. Geburtstag bildet eine schwarze Tischdecke die Basis, ein Dekovlies Band, kombiniert mit goldenem Satinband ziert die Tischmitte.","breadcrumb":{"@id":"https:\/\/www.tafeldeko.de\/news\/wunderschoene-tischdeko-fuer-den-50-geburtstag-in-der-weihnachtszeit\/#breadcrumb"},"inLanguage":"de-DE","potentialAction":[{"@type":"ReadAction","target":["https:\/\/www.tafeldeko.de\/news\/wunderschoene-tischdeko-fuer-den-50-geburtstag-in-der-weihnachtszeit\/"]}]},{"@type":"BreadcrumbList","@id":"https:\/\/www.tafeldeko.de\/news\/wunderschoene-tischdeko-fuer-den-50-geburtstag-in-der-weihnachtszeit\/#breadcrumb","itemListElement":[{"@type":"ListItem","position":1,"name":"Tafeldeko","item":"https:\/\/www.tafeldeko.de\/news\/"},{"@type":"ListItem","position":2,"name":"Alte Beitr\u00e4ge","item":"https:\/\/www.tafeldeko.de\/news\/alte-beitraege\/"},{"@type":"ListItem","position":3,"name":"Tischdeko - Blog","item":"https:\/\/www.tafeldeko.de\/news\/alte-beitraege\/tischdeko-blog\/"},{"@type":"ListItem","position":4,"name":"Wundersch\u00f6ne Tischdeko f\u00fcr den 50. Geburtstag in der Weihnachtszeit"}]},{"@type":"WebSite","@id":"https:\/\/www.tafeldeko.de\/news\/#website","url":"https:\/\/www.tafeldeko.de\/news\/","name":"Tafeldeko","description":"Blog mit Tischdeko und Tischdekoration Ideen","potentialAction":[{"@type":"SearchAction","target":{"@type":"EntryPoint","urlTemplate":"https:\/\/www.tafeldeko.de\/news\/?s={search_term_string}"},"query-input":"required name=search_term_string"}],"inLanguage":"de-DE"},{"@type":"Person","@id":"https:\/\/www.tafeldeko.de\/news\/#\/schema\/person\/d2acd86447ed0b6336089a8ba83164a0","name":"Christiane Stein","image":{"@type":"ImageObject","inLanguage":"de-DE","@id":"https:\/\/www.tafeldeko.de\/news\/#\/schema\/person\/image\/","url":"https:\/\/secure.gravatar.com\/avatar\/2054729fbfd1ebc9d3cf1fd55361d0b6?s=96&d=mm&r=g","contentUrl":"https:\/\/secure.gravatar.com\/avatar\/2054729fbfd1ebc9d3cf1fd55361d0b6?s=96&d=mm&r=g","caption":"Christiane Stein"}}]}},"_links":{"self":[{"href":"https:\/\/www.tafeldeko.de\/news\/wp-json\/wp\/v2\/posts\/1039"}],"collection":[{"href":"https:\/\/www.tafeldeko.de\/news\/wp-json\/wp\/v2\/posts"}],"about":[{"href":"https:\/\/www.tafeldeko.de\/news\/wp-json\/wp\/v2\/types\/post"}],"author":[{"embeddable":true,"href":"https:\/\/www.tafeldeko.de\/news\/wp-json\/wp\/v2\/users\/2"}],"replies":[{"embeddable":true,"href":"https:\/\/www.tafeldeko.de\/news\/wp-json\/wp\/v2\/comments?post=1039"}],"version-history":[{"count":0,"href":"https:\/\/www.tafeldeko.de\/news\/wp-json\/wp\/v2\/posts\/1039\/revisions"}],"wp:featuredmedia":[{"embeddable":true,"href":"https:\/\/www.tafeldeko.de\/news\/wp-json\/wp\/v2\/media\/1034"}],"wp:attachment":[{"href":"https:\/\/www.tafeldeko.de\/news\/wp-json\/wp\/v2\/media?parent=1039"}],"wp:term":[{"taxonomy":"category","embeddable":true,"href":"https:\/\/www.tafeldeko.de\/news\/wp-json\/wp\/v2\/categories?post=1039"},{"taxonomy":"post_tag","embeddable":true,"href":"https:\/\/www.tafeldeko.de\/news\/wp-json\/wp\/v2\/tags?post=1039"}],"curies":[{"name":"wp","href":"https:\/\/api.w.org\/{rel}","templated":true}]}}