{"id":1035,"date":"2011-11-19T20:31:26","date_gmt":"2011-11-19T18:31:26","guid":{"rendered":"http:\/\/www.tafeldeko.de\/news\/?p=1035"},"modified":"2011-11-19T20:31:26","modified_gmt":"2011-11-19T18:31:26","slug":"schwarz-weisse-tischdeko-kontrastreich-und-schoen","status":"publish","type":"post","link":"https:\/\/www.tafeldeko.de\/news\/schwarz-weisse-tischdeko-kontrastreich-und-schoen\/","title":{"rendered":"Schwarz-wei\u00dfe Tischdeko \u2013 kontrastreich und sch\u00f6n"},"content":{"rendered":"<div class=\"textumfliessenrechts\"><img decoding=\"async\" loading=\"lazy\" src=\"https:\/\/www.tafeldeko.de\/news\/media\/users\/schnurchristian\/schwarz_weiss2.jpg\" alt=\"schwarz-wei\u00dfe Tischdeko\" title=\"schwarz-wei\u00dfe Tischdeko\" width=\"179\" height=\"179\" \/><br \/><a href=\"https:\/\/www.tafeldeko.de\/index.php\/cat\/c1150_Motivservietten-Black---White.html\" title=\"Hier schwarz-wei\u00dfe Tischdeko\"><b>Hier schwarz-wei\u00dfe Tischdeko<\/b><\/a><\/div>\n<p> Eine Feier, ganz gleich, welcher Anlass gefeiert wird, bedarf stets einer Tischdeko. Diese Verzierung des Tisches muss nichts gro\u00dfartiges und aufw\u00e4ndiges sein, es reichen in der Regel einige Deko-Accessoires aus, um eine sch\u00f6ne Tischdeko zu erhalten.<br \/>\nDie Tischdekorationen zum Geburtstag, zur Hochzeit, zur Taufe, zur Kommunion oder Konfirmation kann Ton-in-Ton ausgestattet werden oder auch ganz kontrastreich. So ist zum Beispiel eine Tischdeko in schwarz-wei\u00df etwas ganz Besonderes und zeigt sich auf eine nicht allt\u00e4gliche Weise.<br \/>\nTeilweise m\u00f6chte man nat\u00fcrlich solche <b>au\u00dfergew\u00f6hnlichen Tischdekorationen <\/b>pr\u00e4sentieren, wei\u00df jedoch nicht unbedingt, wie man diese im Speziellen gestalten kann.<br \/>\n<b><a href=\"https:\/\/www.tafeldeko.de\/index.php\/cat\/c2074_Mustertisch-Ideen.html\" title=\"Mustertische\">Mustertische<\/a> <\/b>k\u00f6nnen hierbei bestens helfen und zeigen anhand von Deko-Beispielen, wie eben auch die <b>schwarz-wei\u00dfe Tischdeko<\/b> ausgerichtet werden kann.<br \/>\nBereits bei der Grundlage der Tischdeko gibt es zwei M\u00f6glichkeiten, wie man dekorieren kann. Entweder ziert eine wei\u00dfe Tischdecke den Tisch oder eine schwarze. Beide Varianten werden mit entsprechenden Accessoires ausgestattet, wundersch\u00f6n wirken auf jeden Fall wei\u00dfe oder schwarze Sizoweb-Tischb\u00e4nder. Diese sind in ihrer Machart wundersch\u00f6n, vor allem, weil das Gewebe durchsichtig ist und so noch die Farbe der Tischdecke durchschimmert. Ein toller Effekt, der bereits den ersten Akzent innerhalb der schwarz-wei\u00dfen Tischdeko bestimmt. Satinb\u00e4nder oder die <b><a href=\"https:\/\/www.tafeldeko.de\/index.php\/cat\/c1362_Fripe-Tischb%C3%A4nder.html\" title=\"Crea Pop B\u00e4nder\">Crea Pop B\u00e4nder<\/a><\/b>, die etwas schmaler sind als die Sizoweb-Tischb\u00e4nder, k\u00f6nnen auf den Sizoweb-Tischb\u00e4ndern arrangiert werden. So wird die Tischmitte ganz besonders gestaltet und ist auf jeden Fall der Blickpunkt in dieser Tischdeko.<br \/>\nErg\u00e4nzt werden kann diese Tischdeko mit schwarz-wei\u00dfen Servietten, die es ebenfalls in verschiedenen Varianten gibt. Wei\u00dfe Kerzenteller mit schwarzen Stumpenkerzen oder schwarze Kerzenteller mit wei\u00dfen Stumpenkerzen bilden weitere Kontraste und Akzente in dieser Tischdeko.<br \/>\nZum einen sehr <b>kontrastreich<\/b>, doch auf eine bestimmte Art und Weise immer noch Ton in Ton. Da innerhalb dieser Tischdeko nur zwei Farben verwendet werden, wirkt diese auch nicht so unruhig und \u00fcberladen. <\/p>\n","protected":false},"excerpt":{"rendered":"<p>Eine Feier, ganz gleich, welcher Anlass gefeiert wird, bedarf stets einer Tischdeko. Diese Verzierung des Tisches muss nichts gro\u00dfartiges und aufw\u00e4ndiges sein, es reichen in der Regel einige Deko-Accessoires aus, um eine sch\u00f6ne Tischdeko zu erhalten.<br \/>\nDie Tischdekorationen zum Geburtstag, zur Hochzeit, zur Taufe, zur Kommunion oder Konfirmation kann Ton-in-Ton ausgestattet werden oder auch ganz kontrastreich. So ist zum Beispiel eine Tischdeko in schwarz-wei\u00df etwas ganz Besonderes und zeigt sich auf eine nicht allt\u00e4gliche Weise.<br \/>\nTeilweise m\u00f6chte man nat\u00fcrlich solche au\u00dfergew\u00f6hnlichen Tischdekorationen pr\u00e4sentieren, wei\u00df jedoch nicht unbedingt, wie man diese im Speziellen gestalten kann.<br \/>\n k\u00f6nnen hierbei bestens helfen und zeigen anhand von Deko-Beispielen, wie eben auch die schwarz-wei\u00dfe Tischdeko ausgerichtet werden kann.<\/p>\n","protected":false},"author":2,"featured_media":1036,"comment_status":"open","ping_status":"open","sticky":false,"template":"","format":"standard","meta":{"footnotes":""},"categories":[1],"tags":[],"yoast_head":"<!-- This site is optimized with the Yoast SEO plugin v20.4 - https:\/\/yoast.com\/wordpress\/plugins\/seo\/ -->\n<title>Schwarz-wei\u00dfe Tischdeko \u2013 kontrastreich und sch\u00f6n - Tafeldeko<\/title>\n<meta name=\"description\" content=\"Eine Tischdeko in schwarz-wei&#xDF; ist etwas ganz Besonderes und zeigt sich auf eine nicht allt&#xE4;gliche Weise.\" \/>\n<meta name=\"robots\" content=\"index, follow, max-snippet:-1, max-image-preview:large, max-video-preview:-1\" \/>\n<link rel=\"canonical\" href=\"https:\/\/www.tafeldeko.de\/news\/schwarz-weisse-tischdeko-kontrastreich-und-schoen\/\" \/>\n<meta property=\"og:locale\" content=\"de_DE\" \/>\n<meta property=\"og:type\" content=\"article\" \/>\n<meta property=\"og:title\" content=\"Schwarz-wei\u00dfe Tischdeko \u2013 kontrastreich und sch\u00f6n - Tafeldeko\" \/>\n<meta property=\"og:description\" content=\"Eine Tischdeko in schwarz-wei&#xDF; ist etwas ganz Besonderes und zeigt sich auf eine nicht allt&#xE4;gliche Weise.\" \/>\n<meta property=\"og:url\" content=\"https:\/\/www.tafeldeko.de\/news\/schwarz-weisse-tischdeko-kontrastreich-und-schoen\/\" \/>\n<meta property=\"og:site_name\" content=\"Tafeldeko\" \/>\n<meta property=\"article:publisher\" content=\"https:\/\/www.facebook.com\/pages\/Tafeldeko-einzigartige-Tischdekoration\/174202655894\" \/>\n<meta property=\"article:published_time\" content=\"2011-11-19T18:31:26+00:00\" \/>\n<meta property=\"og:image\" content=\"https:\/\/www.tafeldeko.de\/news\/wp-content\/uploads\/2014\/09\/schwarz_weiss2.jpg\" \/>\n\t<meta property=\"og:image:width\" content=\"179\" \/>\n\t<meta property=\"og:image:height\" content=\"179\" \/>\n\t<meta property=\"og:image:type\" content=\"image\/jpeg\" \/>\n<meta name=\"author\" content=\"Christiane Stein\" \/>\n<meta name=\"twitter:label1\" content=\"Verfasst von\" \/>\n\t<meta name=\"twitter:data1\" content=\"Christiane Stein\" \/>\n\t<meta name=\"twitter:label2\" content=\"Gesch\u00e4tzte Lesezeit\" \/>\n\t<meta name=\"twitter:data2\" content=\"2 Minuten\" \/>\n<script type=\"application\/ld+json\" class=\"yoast-schema-graph\">{\"@context\":\"https:\/\/schema.org\",\"@graph\":[{\"@type\":\"WebPage\",\"@id\":\"https:\/\/www.tafeldeko.de\/news\/schwarz-weisse-tischdeko-kontrastreich-und-schoen\/\",\"url\":\"https:\/\/www.tafeldeko.de\/news\/schwarz-weisse-tischdeko-kontrastreich-und-schoen\/\",\"name\":\"Schwarz-wei\u00dfe Tischdeko \u2013 kontrastreich und sch\u00f6n - Tafeldeko\",\"isPartOf\":{\"@id\":\"https:\/\/www.tafeldeko.de\/news\/#website\"},\"datePublished\":\"2011-11-19T18:31:26+00:00\",\"dateModified\":\"2011-11-19T18:31:26+00:00\",\"author\":{\"@id\":\"https:\/\/www.tafeldeko.de\/news\/#\/schema\/person\/d2acd86447ed0b6336089a8ba83164a0\"},\"description\":\"Eine Tischdeko in schwarz-wei&#xDF; ist etwas ganz Besonderes und zeigt sich auf eine nicht allt&#xE4;gliche Weise.\",\"breadcrumb\":{\"@id\":\"https:\/\/www.tafeldeko.de\/news\/schwarz-weisse-tischdeko-kontrastreich-und-schoen\/#breadcrumb\"},\"inLanguage\":\"de-DE\",\"potentialAction\":[{\"@type\":\"ReadAction\",\"target\":[\"https:\/\/www.tafeldeko.de\/news\/schwarz-weisse-tischdeko-kontrastreich-und-schoen\/\"]}]},{\"@type\":\"BreadcrumbList\",\"@id\":\"https:\/\/www.tafeldeko.de\/news\/schwarz-weisse-tischdeko-kontrastreich-und-schoen\/#breadcrumb\",\"itemListElement\":[{\"@type\":\"ListItem\",\"position\":1,\"name\":\"Tafeldeko\",\"item\":\"https:\/\/www.tafeldeko.de\/news\/\"},{\"@type\":\"ListItem\",\"position\":2,\"name\":\"Alte Beitr\u00e4ge\",\"item\":\"https:\/\/www.tafeldeko.de\/news\/alte-beitraege\/\"},{\"@type\":\"ListItem\",\"position\":3,\"name\":\"Tischdeko - Blog\",\"item\":\"https:\/\/www.tafeldeko.de\/news\/alte-beitraege\/tischdeko-blog\/\"},{\"@type\":\"ListItem\",\"position\":4,\"name\":\"Schwarz-wei\u00dfe Tischdeko \u2013 kontrastreich und sch\u00f6n\"}]},{\"@type\":\"WebSite\",\"@id\":\"https:\/\/www.tafeldeko.de\/news\/#website\",\"url\":\"https:\/\/www.tafeldeko.de\/news\/\",\"name\":\"Tafeldeko\",\"description\":\"Blog mit Tischdeko und Tischdekoration Ideen\",\"potentialAction\":[{\"@type\":\"SearchAction\",\"target\":{\"@type\":\"EntryPoint\",\"urlTemplate\":\"https:\/\/www.tafeldeko.de\/news\/?s={search_term_string}\"},\"query-input\":\"required name=search_term_string\"}],\"inLanguage\":\"de-DE\"},{\"@type\":\"Person\",\"@id\":\"https:\/\/www.tafeldeko.de\/news\/#\/schema\/person\/d2acd86447ed0b6336089a8ba83164a0\",\"name\":\"Christiane Stein\",\"image\":{\"@type\":\"ImageObject\",\"inLanguage\":\"de-DE\",\"@id\":\"https:\/\/www.tafeldeko.de\/news\/#\/schema\/person\/image\/\",\"url\":\"https:\/\/secure.gravatar.com\/avatar\/2054729fbfd1ebc9d3cf1fd55361d0b6?s=96&d=mm&r=g\",\"contentUrl\":\"https:\/\/secure.gravatar.com\/avatar\/2054729fbfd1ebc9d3cf1fd55361d0b6?s=96&d=mm&r=g\",\"caption\":\"Christiane Stein\"}}]}<\/script>\n<!-- \/ Yoast SEO plugin. -->","yoast_head_json":{"title":"Schwarz-wei\u00dfe Tischdeko \u2013 kontrastreich und sch\u00f6n - Tafeldeko","description":"Eine Tischdeko in schwarz-wei&#xDF; ist etwas ganz Besonderes und zeigt sich auf eine nicht allt&#xE4;gliche Weise.","robots":{"index":"index","follow":"follow","max-snippet":"max-snippet:-1","max-image-preview":"max-image-preview:large","max-video-preview":"max-video-preview:-1"},"canonical":"https:\/\/www.tafeldeko.de\/news\/schwarz-weisse-tischdeko-kontrastreich-und-schoen\/","og_locale":"de_DE","og_type":"article","og_title":"Schwarz-wei\u00dfe Tischdeko \u2013 kontrastreich und sch\u00f6n - Tafeldeko","og_description":"Eine Tischdeko in schwarz-wei&#xDF; ist etwas ganz Besonderes und zeigt sich auf eine nicht allt&#xE4;gliche Weise.","og_url":"https:\/\/www.tafeldeko.de\/news\/schwarz-weisse-tischdeko-kontrastreich-und-schoen\/","og_site_name":"Tafeldeko","article_publisher":"https:\/\/www.facebook.com\/pages\/Tafeldeko-einzigartige-Tischdekoration\/174202655894","article_published_time":"2011-11-19T18:31:26+00:00","og_image":[{"width":179,"height":179,"url":"https:\/\/www.tafeldeko.de\/news\/wp-content\/uploads\/2014\/09\/schwarz_weiss2.jpg","type":"image\/jpeg"}],"author":"Christiane Stein","twitter_misc":{"Verfasst von":"Christiane Stein","Gesch\u00e4tzte Lesezeit":"2 Minuten"},"schema":{"@context":"https:\/\/schema.org","@graph":[{"@type":"WebPage","@id":"https:\/\/www.tafeldeko.de\/news\/schwarz-weisse-tischdeko-kontrastreich-und-schoen\/","url":"https:\/\/www.tafeldeko.de\/news\/schwarz-weisse-tischdeko-kontrastreich-und-schoen\/","name":"Schwarz-wei\u00dfe Tischdeko \u2013 kontrastreich und sch\u00f6n - Tafeldeko","isPartOf":{"@id":"https:\/\/www.tafeldeko.de\/news\/#website"},"datePublished":"2011-11-19T18:31:26+00:00","dateModified":"2011-11-19T18:31:26+00:00","author":{"@id":"https:\/\/www.tafeldeko.de\/news\/#\/schema\/person\/d2acd86447ed0b6336089a8ba83164a0"},"description":"Eine Tischdeko in schwarz-wei&#xDF; ist etwas ganz Besonderes und zeigt sich auf eine nicht allt&#xE4;gliche Weise.","breadcrumb":{"@id":"https:\/\/www.tafeldeko.de\/news\/schwarz-weisse-tischdeko-kontrastreich-und-schoen\/#breadcrumb"},"inLanguage":"de-DE","potentialAction":[{"@type":"ReadAction","target":["https:\/\/www.tafeldeko.de\/news\/schwarz-weisse-tischdeko-kontrastreich-und-schoen\/"]}]},{"@type":"BreadcrumbList","@id":"https:\/\/www.tafeldeko.de\/news\/schwarz-weisse-tischdeko-kontrastreich-und-schoen\/#breadcrumb","itemListElement":[{"@type":"ListItem","position":1,"name":"Tafeldeko","item":"https:\/\/www.tafeldeko.de\/news\/"},{"@type":"ListItem","position":2,"name":"Alte Beitr\u00e4ge","item":"https:\/\/www.tafeldeko.de\/news\/alte-beitraege\/"},{"@type":"ListItem","position":3,"name":"Tischdeko - Blog","item":"https:\/\/www.tafeldeko.de\/news\/alte-beitraege\/tischdeko-blog\/"},{"@type":"ListItem","position":4,"name":"Schwarz-wei\u00dfe Tischdeko \u2013 kontrastreich und sch\u00f6n"}]},{"@type":"WebSite","@id":"https:\/\/www.tafeldeko.de\/news\/#website","url":"https:\/\/www.tafeldeko.de\/news\/","name":"Tafeldeko","description":"Blog mit Tischdeko und Tischdekoration Ideen","potentialAction":[{"@type":"SearchAction","target":{"@type":"EntryPoint","urlTemplate":"https:\/\/www.tafeldeko.de\/news\/?s={search_term_string}"},"query-input":"required name=search_term_string"}],"inLanguage":"de-DE"},{"@type":"Person","@id":"https:\/\/www.tafeldeko.de\/news\/#\/schema\/person\/d2acd86447ed0b6336089a8ba83164a0","name":"Christiane Stein","image":{"@type":"ImageObject","inLanguage":"de-DE","@id":"https:\/\/www.tafeldeko.de\/news\/#\/schema\/person\/image\/","url":"https:\/\/secure.gravatar.com\/avatar\/2054729fbfd1ebc9d3cf1fd55361d0b6?s=96&d=mm&r=g","contentUrl":"https:\/\/secure.gravatar.com\/avatar\/2054729fbfd1ebc9d3cf1fd55361d0b6?s=96&d=mm&r=g","caption":"Christiane Stein"}}]}},"_links":{"self":[{"href":"https:\/\/www.tafeldeko.de\/news\/wp-json\/wp\/v2\/posts\/1035"}],"collection":[{"href":"https:\/\/www.tafeldeko.de\/news\/wp-json\/wp\/v2\/posts"}],"about":[{"href":"https:\/\/www.tafeldeko.de\/news\/wp-json\/wp\/v2\/types\/post"}],"author":[{"embeddable":true,"href":"https:\/\/www.tafeldeko.de\/news\/wp-json\/wp\/v2\/users\/2"}],"replies":[{"embeddable":true,"href":"https:\/\/www.tafeldeko.de\/news\/wp-json\/wp\/v2\/comments?post=1035"}],"version-history":[{"count":0,"href":"https:\/\/www.tafeldeko.de\/news\/wp-json\/wp\/v2\/posts\/1035\/revisions"}],"wp:featuredmedia":[{"embeddable":true,"href":"https:\/\/www.tafeldeko.de\/news\/wp-json\/wp\/v2\/media\/1036"}],"wp:attachment":[{"href":"https:\/\/www.tafeldeko.de\/news\/wp-json\/wp\/v2\/media?parent=1035"}],"wp:term":[{"taxonomy":"category","embeddable":true,"href":"https:\/\/www.tafeldeko.de\/news\/wp-json\/wp\/v2\/categories?post=1035"},{"taxonomy":"post_tag","embeddable":true,"href":"https:\/\/www.tafeldeko.de\/news\/wp-json\/wp\/v2\/tags?post=1035"}],"curies":[{"name":"wp","href":"https:\/\/api.w.org\/{rel}","templated":true}]}}