{"id":1033,"date":"2011-11-16T19:33:38","date_gmt":"2011-11-16T17:33:38","guid":{"rendered":"http:\/\/www.tafeldeko.de\/news\/?p=1033"},"modified":"2011-11-16T19:33:38","modified_gmt":"2011-11-16T17:33:38","slug":"die-tischdeko-fuer-den-geburtstag-in-der-weihnachtszeit","status":"publish","type":"post","link":"https:\/\/www.tafeldeko.de\/news\/die-tischdeko-fuer-den-geburtstag-in-der-weihnachtszeit\/","title":{"rendered":"Die Tischdeko f\u00fcr den Geburtstag in der Weihnachtszeit"},"content":{"rendered":"<div class=\"textumfliessenrechts\"><img decoding=\"async\" loading=\"lazy\" src=\"https:\/\/www.tafeldeko.de\/news\/media\/users\/schnurchristian\/gebu_weihnacht.jpg\" alt=\"Geburtstag zu Weihnachten\" title=\"Geburtstag zu Weihnachten\" width=\"322\" height=\"240\" \/><br \/><a href=\"https:\/\/www.tafeldeko.de\/index.php\/cat\/c543_Weihnacht-Tischdecken.html\" title=\"Geburtstags Tischdeko\"><b>Geburtstags Tischdeko<\/b><\/a><\/div>\n<p> <b>Geburtstag in der Weihnachtszeit<\/b> \u2013 wohl f\u00fcr die meisten Geburtstagskinder, die davon betroffen sind, eine unsch\u00f6ne Konstellation, f\u00fcr die, die in den anderen Monaten Geburtstag haben, eine nicht unsch\u00f6ne Vorstellung.<br \/>\nGeburtstagsgeschenk und Weihnachtsgeschenk kombiniert, das hei\u00dft, das Geschenk f\u00e4llt gr\u00f6\u00dfer aus \u2013 eine Vorstellung derjenigen, die beispielsweise im Sommer Geburtstag haben.<br \/>\nF\u00fcr Geburtstagskinder, die in der Weihnachtszeit Geburtstag haben, bedeutet diese Kombination eher Stress. Der Geburtstag soll gefeiert werden und gleichzeitig laufen die Vorbereitungen auf Weihnachten auf Hochtouren. Und hat man dann genau noch auf Weihnachten Geburtstag, kommt meist der Geburtstag zu kurz.<br \/>\nDoch eines steht fest: feiert man einen runden Geburtstag, dann sollte man Weihnachten kurz vergessen und diesen runden entsprechend geb\u00fchrend feiern.<br \/>\nGeb\u00fchrend feiern, hei\u00dft auch, mit leckerem Essen und einer<b> wundersch\u00f6nen Tischdeko<\/b>.<br \/>\nGanz edel und weihnachtlich zugleich wirkt die Tischdekoration in schwarz mit silber \u2013 ganz anders als normalerweise, jedoch wundersch\u00f6n anzuschauen. Eine schwarze Tischdecke bildet die Grundlage f\u00fcr die Tischdeko zum runden Geburtstag in der Weihnachtszeit. Darauf finden in der Tischmitte silbernes Sizoweb, cremefarbene <b><a href=\"https:\/\/www.tafeldeko.de\/index.php\/cat\/c1359_Satin-Tischb%C3%A4nder.html\" title=\"Satinb\u00e4nder\">Satinb\u00e4nder<\/a><\/b> und ein Dekovlies ihren Platz und setzen den Blickpunkt f\u00fcr die Tischmitte. Silberne Kerzenst\u00e4nder, best\u00fcckt mit wei\u00dfen <b><a href=\"https:\/\/www.tafeldeko.de\/index.php\/cat\/c529_Leuchterkerzen.html\" title=\"Leuchterkerzen\">Leuchterkerzen<\/a><\/b>, lassen die Tischdeko edel wirken, verlagern den <b>Blickpunkt <\/b>nicht nur auf den Tisch, sondern auch etwas h\u00f6her. Durch diese hohen Kerzenst\u00e4nder wird die Tischdeko sozusagen etwas in die H\u00f6he gestreckt. Silberne Weihnachtskugeln zeigen, dass wir uns in der Weihnachtszeit befinden, jedoch eben einen Geburtstag feiern, der mit einer edlen Tischdekoration untermalt wird.<br \/>\nSilberne und schwarze Duni Dunilin Servietten werden an den Sitzpl\u00e4tzen der G\u00e4ste aufgestellt, nachdem sie zu Dreiecken gefaltet wurden. Wer <b>einen besonderen Effekt<\/b> erzielen m\u00f6chte, nimmt beide Servietten zusammen und faltet dieses Arrangement.<br \/>\nSch\u00f6ne und edle kleinere Blickpunkte setzen diverse Streudeko-Accessoires, wie die Glas Streuherzen in klar, Streubl\u00fcmchen di Fiori in creme-marmoriert und Raindrops Deko Tautropfen.<br \/>\n<b>Mit dieser wundervollen Tischdeko kann der Geburtstag entsprechend gefeiert werden.<\/b> <\/p>\n","protected":false},"excerpt":{"rendered":"<p>Geburtstag in der Weihnachtszeit \u2013 wohl f\u00fcr die meisten Geburtstagskinder, die davon betroffen sind, eine unsch\u00f6ne Konstellation, f\u00fcr die, die in den anderen Monaten Geburtstag haben, eine nicht unsch\u00f6ne Vorstellung.<\/p>\n","protected":false},"author":2,"featured_media":1034,"comment_status":"open","ping_status":"open","sticky":false,"template":"","format":"standard","meta":{"footnotes":""},"categories":[1],"tags":[],"yoast_head":"<!-- This site is optimized with the Yoast SEO plugin v20.4 - https:\/\/yoast.com\/wordpress\/plugins\/seo\/ -->\n<title>Die Tischdeko f\u00fcr den Geburtstag in der Weihnachtszeit - Tafeldeko<\/title>\n<meta name=\"description\" content=\"F&#xFC;r Geburtstagskinder, die in der Weihnachtszeit Geburtstag haben, spielt die Tischdeko eine wichtige Rolle. Ideen finden Sie hier.\" \/>\n<meta name=\"robots\" content=\"index, follow, max-snippet:-1, max-image-preview:large, max-video-preview:-1\" \/>\n<link rel=\"canonical\" href=\"https:\/\/www.tafeldeko.de\/news\/die-tischdeko-fuer-den-geburtstag-in-der-weihnachtszeit\/\" \/>\n<meta property=\"og:locale\" content=\"de_DE\" \/>\n<meta property=\"og:type\" content=\"article\" \/>\n<meta property=\"og:title\" content=\"Die Tischdeko f\u00fcr den Geburtstag in der Weihnachtszeit - Tafeldeko\" \/>\n<meta property=\"og:description\" content=\"F&#xFC;r Geburtstagskinder, die in der Weihnachtszeit Geburtstag haben, spielt die Tischdeko eine wichtige Rolle. Ideen finden Sie hier.\" \/>\n<meta property=\"og:url\" content=\"https:\/\/www.tafeldeko.de\/news\/die-tischdeko-fuer-den-geburtstag-in-der-weihnachtszeit\/\" \/>\n<meta property=\"og:site_name\" content=\"Tafeldeko\" \/>\n<meta property=\"article:publisher\" content=\"https:\/\/www.facebook.com\/pages\/Tafeldeko-einzigartige-Tischdekoration\/174202655894\" \/>\n<meta property=\"article:published_time\" content=\"2011-11-16T17:33:38+00:00\" \/>\n<meta property=\"og:image\" content=\"https:\/\/www.tafeldeko.de\/news\/wp-content\/uploads\/2014\/09\/gebu_weihnacht.jpg\" \/>\n\t<meta property=\"og:image:width\" content=\"562\" \/>\n\t<meta property=\"og:image:height\" content=\"360\" \/>\n\t<meta property=\"og:image:type\" content=\"image\/jpeg\" \/>\n<meta name=\"author\" content=\"Christiane Stein\" \/>\n<meta name=\"twitter:label1\" content=\"Verfasst von\" \/>\n\t<meta name=\"twitter:data1\" content=\"Christiane Stein\" \/>\n\t<meta name=\"twitter:label2\" content=\"Gesch\u00e4tzte Lesezeit\" \/>\n\t<meta name=\"twitter:data2\" content=\"2 Minuten\" \/>\n<script type=\"application\/ld+json\" class=\"yoast-schema-graph\">{\"@context\":\"https:\/\/schema.org\",\"@graph\":[{\"@type\":\"WebPage\",\"@id\":\"https:\/\/www.tafeldeko.de\/news\/die-tischdeko-fuer-den-geburtstag-in-der-weihnachtszeit\/\",\"url\":\"https:\/\/www.tafeldeko.de\/news\/die-tischdeko-fuer-den-geburtstag-in-der-weihnachtszeit\/\",\"name\":\"Die Tischdeko f\u00fcr den Geburtstag in der Weihnachtszeit - Tafeldeko\",\"isPartOf\":{\"@id\":\"https:\/\/www.tafeldeko.de\/news\/#website\"},\"datePublished\":\"2011-11-16T17:33:38+00:00\",\"dateModified\":\"2011-11-16T17:33:38+00:00\",\"author\":{\"@id\":\"https:\/\/www.tafeldeko.de\/news\/#\/schema\/person\/d2acd86447ed0b6336089a8ba83164a0\"},\"description\":\"F&#xFC;r Geburtstagskinder, die in der Weihnachtszeit Geburtstag haben, spielt die Tischdeko eine wichtige Rolle. Ideen finden Sie hier.\",\"breadcrumb\":{\"@id\":\"https:\/\/www.tafeldeko.de\/news\/die-tischdeko-fuer-den-geburtstag-in-der-weihnachtszeit\/#breadcrumb\"},\"inLanguage\":\"de-DE\",\"potentialAction\":[{\"@type\":\"ReadAction\",\"target\":[\"https:\/\/www.tafeldeko.de\/news\/die-tischdeko-fuer-den-geburtstag-in-der-weihnachtszeit\/\"]}]},{\"@type\":\"BreadcrumbList\",\"@id\":\"https:\/\/www.tafeldeko.de\/news\/die-tischdeko-fuer-den-geburtstag-in-der-weihnachtszeit\/#breadcrumb\",\"itemListElement\":[{\"@type\":\"ListItem\",\"position\":1,\"name\":\"Tafeldeko\",\"item\":\"https:\/\/www.tafeldeko.de\/news\/\"},{\"@type\":\"ListItem\",\"position\":2,\"name\":\"Alte Beitr\u00e4ge\",\"item\":\"https:\/\/www.tafeldeko.de\/news\/alte-beitraege\/\"},{\"@type\":\"ListItem\",\"position\":3,\"name\":\"Tischdeko - Blog\",\"item\":\"https:\/\/www.tafeldeko.de\/news\/alte-beitraege\/tischdeko-blog\/\"},{\"@type\":\"ListItem\",\"position\":4,\"name\":\"Die Tischdeko f\u00fcr den Geburtstag in der Weihnachtszeit\"}]},{\"@type\":\"WebSite\",\"@id\":\"https:\/\/www.tafeldeko.de\/news\/#website\",\"url\":\"https:\/\/www.tafeldeko.de\/news\/\",\"name\":\"Tafeldeko\",\"description\":\"Blog mit Tischdeko und Tischdekoration Ideen\",\"potentialAction\":[{\"@type\":\"SearchAction\",\"target\":{\"@type\":\"EntryPoint\",\"urlTemplate\":\"https:\/\/www.tafeldeko.de\/news\/?s={search_term_string}\"},\"query-input\":\"required name=search_term_string\"}],\"inLanguage\":\"de-DE\"},{\"@type\":\"Person\",\"@id\":\"https:\/\/www.tafeldeko.de\/news\/#\/schema\/person\/d2acd86447ed0b6336089a8ba83164a0\",\"name\":\"Christiane Stein\",\"image\":{\"@type\":\"ImageObject\",\"inLanguage\":\"de-DE\",\"@id\":\"https:\/\/www.tafeldeko.de\/news\/#\/schema\/person\/image\/\",\"url\":\"https:\/\/secure.gravatar.com\/avatar\/2054729fbfd1ebc9d3cf1fd55361d0b6?s=96&d=mm&r=g\",\"contentUrl\":\"https:\/\/secure.gravatar.com\/avatar\/2054729fbfd1ebc9d3cf1fd55361d0b6?s=96&d=mm&r=g\",\"caption\":\"Christiane Stein\"}}]}<\/script>\n<!-- \/ Yoast SEO plugin. -->","yoast_head_json":{"title":"Die Tischdeko f\u00fcr den Geburtstag in der Weihnachtszeit - Tafeldeko","description":"F&#xFC;r Geburtstagskinder, die in der Weihnachtszeit Geburtstag haben, spielt die Tischdeko eine wichtige Rolle. Ideen finden Sie hier.","robots":{"index":"index","follow":"follow","max-snippet":"max-snippet:-1","max-image-preview":"max-image-preview:large","max-video-preview":"max-video-preview:-1"},"canonical":"https:\/\/www.tafeldeko.de\/news\/die-tischdeko-fuer-den-geburtstag-in-der-weihnachtszeit\/","og_locale":"de_DE","og_type":"article","og_title":"Die Tischdeko f\u00fcr den Geburtstag in der Weihnachtszeit - Tafeldeko","og_description":"F&#xFC;r Geburtstagskinder, die in der Weihnachtszeit Geburtstag haben, spielt die Tischdeko eine wichtige Rolle. Ideen finden Sie hier.","og_url":"https:\/\/www.tafeldeko.de\/news\/die-tischdeko-fuer-den-geburtstag-in-der-weihnachtszeit\/","og_site_name":"Tafeldeko","article_publisher":"https:\/\/www.facebook.com\/pages\/Tafeldeko-einzigartige-Tischdekoration\/174202655894","article_published_time":"2011-11-16T17:33:38+00:00","og_image":[{"width":562,"height":360,"url":"https:\/\/www.tafeldeko.de\/news\/wp-content\/uploads\/2014\/09\/gebu_weihnacht.jpg","type":"image\/jpeg"}],"author":"Christiane Stein","twitter_misc":{"Verfasst von":"Christiane Stein","Gesch\u00e4tzte Lesezeit":"2 Minuten"},"schema":{"@context":"https:\/\/schema.org","@graph":[{"@type":"WebPage","@id":"https:\/\/www.tafeldeko.de\/news\/die-tischdeko-fuer-den-geburtstag-in-der-weihnachtszeit\/","url":"https:\/\/www.tafeldeko.de\/news\/die-tischdeko-fuer-den-geburtstag-in-der-weihnachtszeit\/","name":"Die Tischdeko f\u00fcr den Geburtstag in der Weihnachtszeit - Tafeldeko","isPartOf":{"@id":"https:\/\/www.tafeldeko.de\/news\/#website"},"datePublished":"2011-11-16T17:33:38+00:00","dateModified":"2011-11-16T17:33:38+00:00","author":{"@id":"https:\/\/www.tafeldeko.de\/news\/#\/schema\/person\/d2acd86447ed0b6336089a8ba83164a0"},"description":"F&#xFC;r Geburtstagskinder, die in der Weihnachtszeit Geburtstag haben, spielt die Tischdeko eine wichtige Rolle. Ideen finden Sie hier.","breadcrumb":{"@id":"https:\/\/www.tafeldeko.de\/news\/die-tischdeko-fuer-den-geburtstag-in-der-weihnachtszeit\/#breadcrumb"},"inLanguage":"de-DE","potentialAction":[{"@type":"ReadAction","target":["https:\/\/www.tafeldeko.de\/news\/die-tischdeko-fuer-den-geburtstag-in-der-weihnachtszeit\/"]}]},{"@type":"BreadcrumbList","@id":"https:\/\/www.tafeldeko.de\/news\/die-tischdeko-fuer-den-geburtstag-in-der-weihnachtszeit\/#breadcrumb","itemListElement":[{"@type":"ListItem","position":1,"name":"Tafeldeko","item":"https:\/\/www.tafeldeko.de\/news\/"},{"@type":"ListItem","position":2,"name":"Alte Beitr\u00e4ge","item":"https:\/\/www.tafeldeko.de\/news\/alte-beitraege\/"},{"@type":"ListItem","position":3,"name":"Tischdeko - Blog","item":"https:\/\/www.tafeldeko.de\/news\/alte-beitraege\/tischdeko-blog\/"},{"@type":"ListItem","position":4,"name":"Die Tischdeko f\u00fcr den Geburtstag in der Weihnachtszeit"}]},{"@type":"WebSite","@id":"https:\/\/www.tafeldeko.de\/news\/#website","url":"https:\/\/www.tafeldeko.de\/news\/","name":"Tafeldeko","description":"Blog mit Tischdeko und Tischdekoration Ideen","potentialAction":[{"@type":"SearchAction","target":{"@type":"EntryPoint","urlTemplate":"https:\/\/www.tafeldeko.de\/news\/?s={search_term_string}"},"query-input":"required name=search_term_string"}],"inLanguage":"de-DE"},{"@type":"Person","@id":"https:\/\/www.tafeldeko.de\/news\/#\/schema\/person\/d2acd86447ed0b6336089a8ba83164a0","name":"Christiane Stein","image":{"@type":"ImageObject","inLanguage":"de-DE","@id":"https:\/\/www.tafeldeko.de\/news\/#\/schema\/person\/image\/","url":"https:\/\/secure.gravatar.com\/avatar\/2054729fbfd1ebc9d3cf1fd55361d0b6?s=96&d=mm&r=g","contentUrl":"https:\/\/secure.gravatar.com\/avatar\/2054729fbfd1ebc9d3cf1fd55361d0b6?s=96&d=mm&r=g","caption":"Christiane Stein"}}]}},"_links":{"self":[{"href":"https:\/\/www.tafeldeko.de\/news\/wp-json\/wp\/v2\/posts\/1033"}],"collection":[{"href":"https:\/\/www.tafeldeko.de\/news\/wp-json\/wp\/v2\/posts"}],"about":[{"href":"https:\/\/www.tafeldeko.de\/news\/wp-json\/wp\/v2\/types\/post"}],"author":[{"embeddable":true,"href":"https:\/\/www.tafeldeko.de\/news\/wp-json\/wp\/v2\/users\/2"}],"replies":[{"embeddable":true,"href":"https:\/\/www.tafeldeko.de\/news\/wp-json\/wp\/v2\/comments?post=1033"}],"version-history":[{"count":0,"href":"https:\/\/www.tafeldeko.de\/news\/wp-json\/wp\/v2\/posts\/1033\/revisions"}],"wp:featuredmedia":[{"embeddable":true,"href":"https:\/\/www.tafeldeko.de\/news\/wp-json\/wp\/v2\/media\/1034"}],"wp:attachment":[{"href":"https:\/\/www.tafeldeko.de\/news\/wp-json\/wp\/v2\/media?parent=1033"}],"wp:term":[{"taxonomy":"category","embeddable":true,"href":"https:\/\/www.tafeldeko.de\/news\/wp-json\/wp\/v2\/categories?post=1033"},{"taxonomy":"post_tag","embeddable":true,"href":"https:\/\/www.tafeldeko.de\/news\/wp-json\/wp\/v2\/tags?post=1033"}],"curies":[{"name":"wp","href":"https:\/\/api.w.org\/{rel}","templated":true}]}}